{"id":5381,"date":"2026-04-27T12:47:37","date_gmt":"2026-04-27T15:47:37","guid":{"rendered":"https:\/\/www.fenafim.org.br\/site\/?p=5381"},"modified":"2026-04-27T12:47:39","modified_gmt":"2026-04-27T15:47:39","slug":"fenafim-atua-na-vanguarda-da-reforma-tributaria-em-encontro-estrategico-do-fisco-gaucho","status":"publish","type":"post","link":"https:\/\/www.fenafim.org.br\/site\/2026\/04\/27\/fenafim-atua-na-vanguarda-da-reforma-tributaria-em-encontro-estrategico-do-fisco-gaucho\/","title":{"rendered":"FENAFIM Atua na Vanguarda da Reforma Tribut\u00e1ria em Encontro Estrat\u00e9gico do Fisco Ga\u00facho"},"content":{"rendered":"\n<p>Encontro Estrat\u00e9gico do Fisco Ga\u00facho<\/p>\n\n\n\n<h2 class=\"wp-block-heading has-text-align-center\"><em>A vice-presidente Sul, Elaine Cofcevicz, consolida o papel da FENAFIM na constru\u00e7\u00e3o de um novo modelo tribut\u00e1rio.<\/em><\/h2>\n\n\n\n<p class=\"has-medium-font-size\">A Federa\u00e7\u00e3o Nacional dos Auditores e Fiscais de Tributos Municipais (FENAFIM) demonstrou sua atua\u00e7\u00e3o proativa e estrat\u00e9gica no 26\u00ba Encontro do Fisco Estadual Ga\u00facho, evento que se tornou um marco para as discuss\u00f5es sobre a Reforma Tribut\u00e1ria e a integra\u00e7\u00e3o das Administra\u00e7\u00f5es Tribut\u00e1rias estaduais e municipais. Acontecido em Garibaldi, Rio Grande do Sul, de 24 a 26 de abril de 2026, o encontro teve a participa\u00e7\u00e3o da FENAFIM, representada por sua vice-presidente da Regi\u00e3o Sul, Elaine Cofcevicz.<\/p>\n\n\n\n<p class=\"has-medium-font-size\">A participa\u00e7\u00e3o de Elaine Cofcevicz no evento reflete o compromisso da FENAFIM em estar na vanguarda das transforma\u00e7\u00f5es que moldar\u00e3o o futuro fiscal do pa\u00eds. Durante o evento, a vice-presidente estabeleceu importantes conex\u00f5es e di\u00e1logos com figuras-chave, como Sebasti\u00e3o Melo, Prefeito de Porto Alegre e Presidente da Frente Nacional de Prefeitos (FNP), e Paulo Ziulkoski, Presidente da Confedera\u00e7\u00e3o Nacional dos Munic\u00edpios (CNM). Essas intera\u00e7\u00f5es s\u00e3o cruciais para o posicionamento da FENAFIM e para a defesa dos interesses dos fiscos municipais em um cen\u00e1rio de mudan\u00e7as legislativas.<\/p>\n\n\n\n<p class=\"has-medium-font-size\">O 26\u00ba Encontro do Fisco Estadual Ga\u00facho ofereceu uma plataforma rica para aprofundar o entendimento sobre os desafios e oportunidades da Reforma Tribut\u00e1ria. A FENAFIM, por meio de sua representante, refor\u00e7ou seu papel como articuladora e influenciadora nas pol\u00edticas p\u00fablicas que afetam diretamente a arrecada\u00e7\u00e3o e a gest\u00e3o fiscal dos munic\u00edpios.<\/p>\n\n\n\n<p class=\"has-medium-font-size\">A FENAFIM segue demonstrando seu empenho em promover a capacita\u00e7\u00e3o cont\u00ednua e o interc\u00e2mbio de conhecimentos entre seus associados, solidificando sua relev\u00e2ncia no panorama tribut\u00e1rio nacional.<\/p>\n\n\n\n<p class=\"has-medium-font-size\">Diretoria de Comunica\u00e7\u00e3o<\/p>\n","protected":false},"excerpt":{"rendered":"<p>Encontro Estrat\u00e9gico do Fisco Ga\u00facho A vice-presidente Sul, Elaine Cofcevicz, consolida o papel da FENAFIM na constru\u00e7\u00e3o de um novo modelo tribut\u00e1rio. A Federa\u00e7\u00e3o Nacional dos Auditores e Fiscais de &#8230;<\/p>\n","protected":false},"author":4,"featured_media":5382,"comment_status":"closed","ping_status":"open","sticky":true,"template":"","format":"standard","meta":{"_jetpack_memberships_contains_paid_content":false,"footnotes":""},"categories":[28],"tags":[],"jetpack_sharing_enabled":true,"jetpack_featured_media_url":"https:\/\/www.fenafim.org.br\/site\/wp-content\/uploads\/2026\/04\/WhatsApp-Image-2026-04-27-at-12.41.31.jpeg","_links":{"self":[{"href":"https:\/\/www.fenafim.org.br\/site\/wp-json\/wp\/v2\/posts\/5381"}],"collection":[{"href":"https:\/\/www.fenafim.org.br\/site\/wp-json\/wp\/v2\/posts"}],"about":[{"href":"https:\/\/www.fenafim.org.br\/site\/wp-json\/wp\/v2\/types\/post"}],"author":[{"embeddable":true,"href":"https:\/\/www.fenafim.org.br\/site\/wp-json\/wp\/v2\/users\/4"}],"replies":[{"embeddable":true,"href":"https:\/\/www.fenafim.org.br\/site\/wp-json\/wp\/v2\/comments?post=5381"}],"version-history":[{"count":1,"href":"https:\/\/www.fenafim.org.br\/site\/wp-json\/wp\/v2\/posts\/5381\/revisions"}],"predecessor-version":[{"id":5383,"href":"https:\/\/www.fenafim.org.br\/site\/wp-json\/wp\/v2\/posts\/5381\/revisions\/5383"}],"wp:featuredmedia":[{"embeddable":true,"href":"https:\/\/www.fenafim.org.br\/site\/wp-json\/wp\/v2\/media\/5382"}],"wp:attachment":[{"href":"https:\/\/www.fenafim.org.br\/site\/wp-json\/wp\/v2\/media?parent=5381"}],"wp:term":[{"taxonomy":"category","embeddable":true,"href":"https:\/\/www.fenafim.org.br\/site\/wp-json\/wp\/v2\/categories?post=5381"},{"taxonomy":"post_tag","embeddable":true,"href":"https:\/\/www.fenafim.org.br\/site\/wp-json\/wp\/v2\/tags?post=5381"}],"curies":[{"name":"wp","href":"https:\/\/api.w.org\/{rel}","templated":true}]}}