{"id":5225,"date":"2026-03-12T17:53:49","date_gmt":"2026-03-12T20:53:49","guid":{"rendered":"https:\/\/www.fenafim.org.br\/site\/?p=5225"},"modified":"2026-03-12T18:33:26","modified_gmt":"2026-03-12T21:33:26","slug":"live-da-enaff-com-bernard-appy-reune-publico-nacional-e-registra-pico-de-348-espectadores-simultaneos","status":"publish","type":"post","link":"https:\/\/www.fenafim.org.br\/site\/2026\/03\/12\/live-da-enaff-com-bernard-appy-reune-publico-nacional-e-registra-pico-de-348-espectadores-simultaneos\/","title":{"rendered":"Live da ENAFF com Bernard Appy re\u00fane p\u00fablico nacional e registra pico de 348 espectadores simult\u00e2neos"},"content":{"rendered":"\n<p class=\"has-text-align-center\"><strong><em>Evento realizado pela Escola Nacional Fazend\u00e1ria da FENAFIM somou 923 visualiza\u00e7\u00f5es em duas horas e destacou o papel do fisco municipal na fiscaliza\u00e7\u00e3o do IBS<\/em><\/strong><\/p>\n\n\n\n<p><\/p>\n\n\n\n<p>A ENAFF \u2013 Escola Nacional Fazend\u00e1ria da FENAFIM realizou, com grande participa\u00e7\u00e3o do p\u00fablico, a live com Bernard Appy dedicada aos desafios e perspectivas da Reforma Tribut\u00e1ria do Consumo (RTC) e \u00e0 prepara\u00e7\u00e3o dos munic\u00edpios para a implementa\u00e7\u00e3o do IBS. O encontro teve dura\u00e7\u00e3o de 02 horas, contabilizou 923 visualiza\u00e7\u00f5es e registrou pico de 348 espectadores simult\u00e2neos.<br>A Live foi mediada por Artur Mattos, Auditor Fiscal aposentado de Salvador e membro do Conselho Acad\u00eamico da ENAFF, e contou com abertura institucional de Gelson Oliveira, Diretor da ENAFF, e C\u00e1ssio Vieira, presidente da FENAFIM.<\/p>\n\n\n<div class=\"wp-block-image\">\n<figure class=\"aligncenter size-full\"><img loading=\"lazy\" decoding=\"async\" width=\"960\" height=\"537\" src=\"https:\/\/www.fenafim.org.br\/site\/wp-content\/uploads\/2026\/03\/WhatsApp-Image-2026-03-12-at-17.35.36.jpeg\" alt=\"\" class=\"wp-image-5227\" srcset=\"https:\/\/www.fenafim.org.br\/site\/wp-content\/uploads\/2026\/03\/WhatsApp-Image-2026-03-12-at-17.35.36.jpeg 960w, https:\/\/www.fenafim.org.br\/site\/wp-content\/uploads\/2026\/03\/WhatsApp-Image-2026-03-12-at-17.35.36-300x168.jpeg 300w, https:\/\/www.fenafim.org.br\/site\/wp-content\/uploads\/2026\/03\/WhatsApp-Image-2026-03-12-at-17.35.36-768x430.jpeg 768w\" sizes=\"(max-width: 960px) 100vw, 960px\" \/><\/figure><\/div>\n\n\n<p><br>Ao longo da live, Bernard Appy respondeu perguntas encaminhadas pelos participantes no chat e dialogou com um p\u00fablico diverso, formado por auditores e fiscais tribut\u00e1rios, al\u00e9m de contadores, advogados, professores e secret\u00e1rios de Fazenda. Houve registros de participa\u00e7\u00e3o de profissionais de todas as regi\u00f5es do pa\u00eds.<br>Entre os pontos debatidos, Appy se colocou favor\u00e1vel \u00e0 forma\u00e7\u00e3o de cons\u00f3rcios intermunicipais como alternativa para ampliar a estrutura e a capacidade de atua\u00e7\u00e3o de munic\u00edpios menores. Tamb\u00e9m refor\u00e7ou a import\u00e2ncia da fiscaliza\u00e7\u00e3o municipal, destacando que a administra\u00e7\u00e3o tribut\u00e1ria local est\u00e1 no territ\u00f3rio do consumo, com condi\u00e7\u00f5es de verificar in loco opera\u00e7\u00f5es e atividades econ\u00f4micas.<\/p>\n\n\n\n<p>Bernard Appy ainda ressaltou que a fiscaliza\u00e7\u00e3o do IBS e o acesso aos sistemas que ser\u00e3o estruturados pelo Comit\u00ea Gestor e compartilhados com Uni\u00e3o e Estados devem estar vinculados \u00e0 atua\u00e7\u00e3o de Auditores Fiscais de carreira, institu\u00edda por lei espec\u00edfica, e caracterizada como carreira t\u00edpica de Estado.<br>Ao final, destacou que o novo modelo tribut\u00e1rio traz novos desafios e oportunidades e vai exigir de todos \u201cuma mudan\u00e7a de cultura\u201d, destacando que o novo modelo cooperativo trazido pela RTC exige atualiza\u00e7\u00e3o e preparo. Nesse contexto, a ENAFF reafirma seu compromisso de oferecer capacita\u00e7\u00e3o e promover debates qualificados para apoiar a adequa\u00e7\u00e3o dos fiscos municipais \u00e0s novas exig\u00eancias operacionais do IBS.<br>A ENAFF segue com programa\u00e7\u00e3o de 2026 voltada \u00e0 forma\u00e7\u00e3o t\u00e9cnica, com cursos, atividades e novas lives. As novidades, agenda e inscri\u00e7\u00f5es ser\u00e3o divulgadas nos canais oficiais da escola.<br>Acompanhe: escola.fenafim.org.br<br>Instagram: <a href=\"http:\/\/@enaff.escola\">@enaff.escola<\/a><\/p>\n\n\n\n<p><\/p>\n\n\n\n<p><br>Diretoria de Comunica\u00e7\u00e3o<br><\/p>\n","protected":false},"excerpt":{"rendered":"<p>Evento realizado pela Escola Nacional Fazend\u00e1ria da FENAFIM somou 923 visualiza\u00e7\u00f5es em duas horas e destacou o papel do fisco municipal na fiscaliza\u00e7\u00e3o do IBS A ENAFF \u2013 Escola Nacional &#8230;<\/p>\n","protected":false},"author":4,"featured_media":5234,"comment_status":"closed","ping_status":"open","sticky":true,"template":"","format":"standard","meta":{"_jetpack_memberships_contains_paid_content":false,"footnotes":""},"categories":[275],"tags":[],"jetpack_sharing_enabled":true,"jetpack_featured_media_url":"https:\/\/www.fenafim.org.br\/site\/wp-content\/uploads\/2026\/03\/WhatsApp-Image-2026-03-12-at-17.35.36-2.jpeg","_links":{"self":[{"href":"https:\/\/www.fenafim.org.br\/site\/wp-json\/wp\/v2\/posts\/5225"}],"collection":[{"href":"https:\/\/www.fenafim.org.br\/site\/wp-json\/wp\/v2\/posts"}],"about":[{"href":"https:\/\/www.fenafim.org.br\/site\/wp-json\/wp\/v2\/types\/post"}],"author":[{"embeddable":true,"href":"https:\/\/www.fenafim.org.br\/site\/wp-json\/wp\/v2\/users\/4"}],"replies":[{"embeddable":true,"href":"https:\/\/www.fenafim.org.br\/site\/wp-json\/wp\/v2\/comments?post=5225"}],"version-history":[{"count":6,"href":"https:\/\/www.fenafim.org.br\/site\/wp-json\/wp\/v2\/posts\/5225\/revisions"}],"predecessor-version":[{"id":5238,"href":"https:\/\/www.fenafim.org.br\/site\/wp-json\/wp\/v2\/posts\/5225\/revisions\/5238"}],"wp:featuredmedia":[{"embeddable":true,"href":"https:\/\/www.fenafim.org.br\/site\/wp-json\/wp\/v2\/media\/5234"}],"wp:attachment":[{"href":"https:\/\/www.fenafim.org.br\/site\/wp-json\/wp\/v2\/media?parent=5225"}],"wp:term":[{"taxonomy":"category","embeddable":true,"href":"https:\/\/www.fenafim.org.br\/site\/wp-json\/wp\/v2\/categories?post=5225"},{"taxonomy":"post_tag","embeddable":true,"href":"https:\/\/www.fenafim.org.br\/site\/wp-json\/wp\/v2\/tags?post=5225"}],"curies":[{"name":"wp","href":"https:\/\/api.w.org\/{rel}","templated":true}]}}