{"id":5185,"date":"2026-03-11T09:20:34","date_gmt":"2026-03-11T12:20:34","guid":{"rendered":"https:\/\/www.fenafim.org.br\/site\/?p=5185"},"modified":"2026-03-11T12:44:04","modified_gmt":"2026-03-11T15:44:04","slug":"diretor-da-fenafim-participa-de-congresso-internacional-sobre-reforma-tributaria","status":"publish","type":"post","link":"https:\/\/www.fenafim.org.br\/site\/2026\/03\/11\/diretor-da-fenafim-participa-de-congresso-internacional-sobre-reforma-tributaria\/","title":{"rendered":"Diretor Jur\u00eddico  da Fenafim participa de congresso internacional sobre Reforma Tribut\u00e1ria"},"content":{"rendered":"<div class=\"wp-block-image\">\n<figure class=\"aligncenter size-large is-resized\"><img loading=\"lazy\" decoding=\"async\" width=\"819\" height=\"1024\" src=\"https:\/\/www.fenafim.org.br\/site\/wp-content\/uploads\/2026\/03\/WhatsApp-Image-2026-03-10-at-17.05.11-2-819x1024.jpeg\" alt=\"\" class=\"wp-image-5203\" style=\"width:501px;height:auto\" srcset=\"https:\/\/www.fenafim.org.br\/site\/wp-content\/uploads\/2026\/03\/WhatsApp-Image-2026-03-10-at-17.05.11-2-819x1024.jpeg 819w, https:\/\/www.fenafim.org.br\/site\/wp-content\/uploads\/2026\/03\/WhatsApp-Image-2026-03-10-at-17.05.11-2-240x300.jpeg 240w, https:\/\/www.fenafim.org.br\/site\/wp-content\/uploads\/2026\/03\/WhatsApp-Image-2026-03-10-at-17.05.11-2-768x960.jpeg 768w, https:\/\/www.fenafim.org.br\/site\/wp-content\/uploads\/2026\/03\/WhatsApp-Image-2026-03-10-at-17.05.11-2.jpeg 1080w\" sizes=\"(max-width: 819px) 100vw, 819px\" \/><\/figure><\/div>\n\n\n<p><\/p>\n\n\n\n<p>O Diretor Jur\u00eddico e de Defesa Funcional da Fenafim, Diego de Souza Ara\u00fajo, ser\u00e1 palestrante no Congresso Internacional FDRP-USP e INPET \u2013 Reforma Tribut\u00e1ria, realizado em Ribeir\u00e3o Preto.<\/p>\n\n\n\n<p>Diego participar\u00e1 da Mesa 2 \u2013 Administra\u00e7\u00e3o Tribut\u00e1ria, com o tema \u201cDesafios da Reforma para a Administra\u00e7\u00e3o Tribut\u00e1ria: Estrutura\u00e7\u00e3o e Coopera\u00e7\u00e3o\u201d.<\/p>\n\n\n\n<p>A palestra est\u00e1 marcada para o dia 11 de mar\u00e7o de 2026, das 14h15 \u00e0s 15h45, no Audit\u00f3rio da Faculdade Est\u00e1cio em Ribeir\u00e3o Preto.<\/p>\n\n\n\n<p>Auditor Fiscal Tribut\u00e1rio em S\u00e3o Jos\u00e9 do Rio Preto, Diego de Souza Ara\u00fajo \u00e9 formado e mestre em Direito pela USP, possui MBA em IFRS pela FIPECAFI, atuou no Pr\u00e9-Comit\u00ea Gestor do IBS e \u00e9 professor de cursos de especializa\u00e7\u00e3o.<\/p>\n","protected":false},"excerpt":{"rendered":"<p>Diego de Souza Ara\u00fajo<\/p>\n","protected":false},"author":4,"featured_media":5217,"comment_status":"closed","ping_status":"open","sticky":true,"template":"","format":"standard","meta":{"_jetpack_memberships_contains_paid_content":false,"footnotes":""},"categories":[28],"tags":[],"jetpack_sharing_enabled":true,"jetpack_featured_media_url":"https:\/\/www.fenafim.org.br\/site\/wp-content\/uploads\/2026\/03\/WhatsApp-Image-2026-03-11-at-12.34.33-e1773243829813.jpeg","_links":{"self":[{"href":"https:\/\/www.fenafim.org.br\/site\/wp-json\/wp\/v2\/posts\/5185"}],"collection":[{"href":"https:\/\/www.fenafim.org.br\/site\/wp-json\/wp\/v2\/posts"}],"about":[{"href":"https:\/\/www.fenafim.org.br\/site\/wp-json\/wp\/v2\/types\/post"}],"author":[{"embeddable":true,"href":"https:\/\/www.fenafim.org.br\/site\/wp-json\/wp\/v2\/users\/4"}],"replies":[{"embeddable":true,"href":"https:\/\/www.fenafim.org.br\/site\/wp-json\/wp\/v2\/comments?post=5185"}],"version-history":[{"count":4,"href":"https:\/\/www.fenafim.org.br\/site\/wp-json\/wp\/v2\/posts\/5185\/revisions"}],"predecessor-version":[{"id":5216,"href":"https:\/\/www.fenafim.org.br\/site\/wp-json\/wp\/v2\/posts\/5185\/revisions\/5216"}],"wp:featuredmedia":[{"embeddable":true,"href":"https:\/\/www.fenafim.org.br\/site\/wp-json\/wp\/v2\/media\/5217"}],"wp:attachment":[{"href":"https:\/\/www.fenafim.org.br\/site\/wp-json\/wp\/v2\/media?parent=5185"}],"wp:term":[{"taxonomy":"category","embeddable":true,"href":"https:\/\/www.fenafim.org.br\/site\/wp-json\/wp\/v2\/categories?post=5185"},{"taxonomy":"post_tag","embeddable":true,"href":"https:\/\/www.fenafim.org.br\/site\/wp-json\/wp\/v2\/tags?post=5185"}],"curies":[{"name":"wp","href":"https:\/\/api.w.org\/{rel}","templated":true}]}}