{"id":5183,"date":"2026-03-10T19:24:23","date_gmt":"2026-03-10T22:24:23","guid":{"rendered":"https:\/\/www.fenafim.org.br\/site\/?p=5183"},"modified":"2026-03-11T09:37:16","modified_gmt":"2026-03-11T12:37:16","slug":"manifestacao-em-rio-branco-cobra-estrutura-da-administracao-tributaria-diante-da-reforma-tributaria","status":"publish","type":"post","link":"https:\/\/www.fenafim.org.br\/site\/2026\/03\/10\/manifestacao-em-rio-branco-cobra-estrutura-da-administracao-tributaria-diante-da-reforma-tributaria\/","title":{"rendered":"Manifesta\u00e7\u00e3o em Rio Branco cobra estrutura da Administra\u00e7\u00e3o Tribut\u00e1ria diante da Reforma Tribut\u00e1ria"},"content":{"rendered":"\n<p class=\"has-text-align-center\"><em>Auditores fiscais tribut\u00e1rios se mobilizam em frente \u00e0 prefeitura ap\u00f3s C\u00e2mara Municipal retirar de pauta a nova Lei Org\u00e2nica da Administra\u00e7\u00e3o Tribut\u00e1ria;<\/em><\/p>\n\n\n\n<p class=\"has-text-align-center\"><em>FENAFIM e ANAFISCO se colocam \u00e0 disposi\u00e7\u00e3o das autoridades locais para esclarecer papel constitucional da carreira.<\/em><\/p>\n\n\n\n<p><\/p>\n\n\n\n<p>A manifesta\u00e7\u00e3o de auditores tribut\u00e1rios em frente \u00e0 Prefeitura de Rio Branco reacendeu o debate que ultrapassa interesses de categoria: a necessidade de o munic\u00edpio estruturar adequadamente sua Administra\u00e7\u00e3o Tribut\u00e1ria para enfrentar a transi\u00e7\u00e3o da Reforma Tribut\u00e1ria com seguran\u00e7a jur\u00eddica, capacidade operacional e prote\u00e7\u00e3o da receita p\u00fablica. Em jogo, segundo as entidades do Fisco, est\u00e1 o cumprimento de um comando constitucional que reconhece a Administra\u00e7\u00e3o Tribut\u00e1ria como <strong>atividade essencial ao funcionamento do Estado<\/strong>.<\/p>\n\n\n\n<p>A mobiliza\u00e7\u00e3o ocorreu ap\u00f3s a C\u00e2mara retirar de pauta, no \u00faltimo dia 03\/03\/2026, o projeto da <strong>nova Lei Org\u00e2nica da Administra\u00e7\u00e3o Tribut\u00e1ria (LOAT)<\/strong>, iniciativa que buscava atualizar a legisla\u00e7\u00e3o municipal diante das novas exig\u00eancias do sistema tribut\u00e1rio nacional. A manifesta\u00e7\u00e3o foi organizada pelo <strong>SINAFIT \u2013 Sindicato dos Auditores Fiscais de Tributos de Rio Branco<\/strong>, presidido por <strong>Rog\u00e9rio Gon\u00e7alves<\/strong>, que defende a moderniza\u00e7\u00e3o institucional da carreira para preparar o munic\u00edpio para a implementa\u00e7\u00e3o do novo modelo de tributa\u00e7\u00e3o do consumo.<\/p>\n\n\n\n<p>Durante o ato, Rog\u00e9rio Gon\u00e7alves destacou que o debate n\u00e3o deve ser tratado como reivindica\u00e7\u00e3o corporativa, mas como tema de organiza\u00e7\u00e3o do Estado e de prote\u00e7\u00e3o da arrecada\u00e7\u00e3o p\u00fablica. \u201cN\u00e3o se trata de privil\u00e9gio ou de disputa de categoria. O que estamos defendendo \u00e9 que Rio Branco esteja preparado tecnicamente para a nova realidade da Reforma Tribut\u00e1ria\u201d, afirmou o presidente do SINAFIT.<\/p>\n\n\n\n<p><strong>Autoridade Fiscal \u00e9 diferencial t\u00e9cnico da carreira<\/strong><\/p>\n\n\n\n<p>Um dos pontos centrais do debate em Rio Branco envolve o conceito de <strong>Autoridade Fiscal<\/strong>, previsto no \u00a78\u00ba do art. 4\u00ba da <strong>Lei Complementar n\u00ba 227\/2026, que regulamenta a Reforma Tribut\u00e1ria<\/strong> e define as atribui\u00e7\u00f5es espec\u00edficas da carreira respons\u00e1vel pelo lan\u00e7amento, fiscaliza\u00e7\u00e3o e constitui\u00e7\u00e3o do cr\u00e9dito tribut\u00e1rio.<\/p>\n\n\n\n<p>Para os auditores fiscais tribut\u00e1rios, esse conceito jur\u00eddico distingue a carreira de outras atividades de fiscaliza\u00e7\u00e3o administrativa existentes na estrutura municipal. A <strong>Autoridade Fiscal<\/strong> exerce fun\u00e7\u00f5es t\u00edpicas de Estado ligadas diretamente \u00e0 aplica\u00e7\u00e3o da legisla\u00e7\u00e3o tribut\u00e1ria, \u00e0 constitui\u00e7\u00e3o do cr\u00e9dito tribut\u00e1rio e \u00e0 garantia da arrecada\u00e7\u00e3o p\u00fablica, e, por essa raz\u00e3o, somente <strong>Auditores Fiscais Tribut\u00e1rios<\/strong> possuem acesso integral aos dados fiscais, financeiros e patrimoniais dos contribuintes sujeitos ao<strong> sigilo fiscal<\/strong>.<\/p>\n\n\n\n<p>Segundo Rog\u00e9rio Gon\u00e7alves, essa distin\u00e7\u00e3o \u00e9 fundamental para evitar confus\u00e3o institucional sobre as atribui\u00e7\u00f5es da Administra\u00e7\u00e3o Tribut\u00e1ria. \u201cAutoridade Fiscal nos termos da Reforma Tribut\u00e1ria n\u00e3o se confunde com fun\u00e7\u00e3o de fiscaliza\u00e7\u00e3o administrativa. Nossas atribui\u00e7\u00f5es exigem qualifica\u00e7\u00e3o t\u00e9cnica, autonomia funcional e estrutura adequada e somente por isso precisamos de uma Lei Org\u00e2nica Espec\u00edfica\u201d, afirmou.<\/p>\n\n\n\n<p><strong>FENAFIM se coloca \u00e0 disposi\u00e7\u00e3o das autoridades de Rio Branco<\/strong><\/p>\n\n\n\n<p>Diante do cen\u00e1rio local, a <strong>FENAFIM \u2013 Federa\u00e7\u00e3o Nacional dos Auditores e Fiscais de Tributos Municipais, <\/strong>e a<strong> ANAFISCO \u2013 Associa\u00e7\u00e3o Nacional dos Auditores Fiscais de Tributos dos Munic\u00edpios e do Distrito Federal, <\/strong>encaminharam of\u00edcio ao prefeito <strong>Ti\u00e3o Bocalom<\/strong> e ao presidente da C\u00e2mara Municipal, <strong>Joabe Lira de Queiroz<\/strong>, manifestando apoio institucional ao fortalecimento da Administra\u00e7\u00e3o Tribut\u00e1ria do munic\u00edpio.<\/p>\n\n\n\n<p>As entidades nacionais tamb\u00e9m se colocam \u00e0 disposi\u00e7\u00e3o do Executivo e do Legislativo para apresentar tecnicamente as caracter\u00edsticas que definem as carreiras de Auditor e Fiscal Tribut\u00e1rio como carreiras t\u00edpicas de Estado e esclarecer o papel constitucional da Administra\u00e7\u00e3o Tribut\u00e1ria na estrutura federativa brasileira.<\/p>\n\n\n\n<p>No documento, a federa\u00e7\u00e3o destaca que o fortalecimento da Administra\u00e7\u00e3o Tribut\u00e1ria <strong>n\u00e3o \u00e9 uma pauta corporativa<\/strong>, mas uma medida estruturante de governan\u00e7a p\u00fablica, essencial para garantir arrecada\u00e7\u00e3o eficiente, justi\u00e7a fiscal e sustentabilidade financeira dos munic\u00edpios diante da nova arquitetura tribut\u00e1ria que come\u00e7a a ser implementada no pa\u00eds.<\/p>\n\n\n\n<p>A entidade ressalta ainda que a Reforma Tribut\u00e1ria ampliar\u00e1 a integra\u00e7\u00e3o entre os fiscos e exigir\u00e1 maior capacidade t\u00e9cnica dos munic\u00edpios, especialmente com a cria\u00e7\u00e3o do <strong>Imposto sobre Bens e Servi\u00e7os (IBS)<\/strong> e o compartilhamento nacional de informa\u00e7\u00f5es fiscais.<\/p>\n\n\n\n<p><strong>Debate local ganha dimens\u00e3o nacional<\/strong><\/p>\n\n\n\n<p>A situa\u00e7\u00e3o de Rio Branco passou a ser acompanhada tamb\u00e9m pelas entidades nacionais do Fisco municipal, que v\u00eam monitorando projetos legislativos e iniciativas administrativas que possam impactar a estrutura das administra\u00e7\u00f5es tribut\u00e1rias no pa\u00eds.<\/p>\n\n\n\n<p>Segundo a FENAFIM, o objetivo \u00e9 colaborar tecnicamente com os gestores p\u00fablicos e garantir que as administra\u00e7\u00f5es tribut\u00e1rias municipais estejam estruturadas para cumprir suas fun\u00e7\u00f5es constitucionais no novo sistema tribut\u00e1rio.<\/p>\n\n\n\n<p>Diretoria de Comunica\u00e7\u00e3o<\/p>\n","protected":false},"excerpt":{"rendered":"<p>Auditores fiscais tribut\u00e1rios se mobilizam em frente \u00e0 prefeitura ap\u00f3s C\u00e2mara Municipal retirar de pauta a nova Lei Org\u00e2nica da Administra\u00e7\u00e3o Tribut\u00e1ria; FENAFIM e ANAFISCO se colocam \u00e0 disposi\u00e7\u00e3o das &#8230;<\/p>\n","protected":false},"author":4,"featured_media":5192,"comment_status":"closed","ping_status":"open","sticky":true,"template":"","format":"standard","meta":{"_jetpack_memberships_contains_paid_content":false,"footnotes":""},"categories":[28],"tags":[],"jetpack_sharing_enabled":true,"jetpack_featured_media_url":"https:\/\/www.fenafim.org.br\/site\/wp-content\/uploads\/2026\/03\/WhatsApp-Image-2026-03-11-at-09.30.37.jpeg","_links":{"self":[{"href":"https:\/\/www.fenafim.org.br\/site\/wp-json\/wp\/v2\/posts\/5183"}],"collection":[{"href":"https:\/\/www.fenafim.org.br\/site\/wp-json\/wp\/v2\/posts"}],"about":[{"href":"https:\/\/www.fenafim.org.br\/site\/wp-json\/wp\/v2\/types\/post"}],"author":[{"embeddable":true,"href":"https:\/\/www.fenafim.org.br\/site\/wp-json\/wp\/v2\/users\/4"}],"replies":[{"embeddable":true,"href":"https:\/\/www.fenafim.org.br\/site\/wp-json\/wp\/v2\/comments?post=5183"}],"version-history":[{"count":2,"href":"https:\/\/www.fenafim.org.br\/site\/wp-json\/wp\/v2\/posts\/5183\/revisions"}],"predecessor-version":[{"id":5193,"href":"https:\/\/www.fenafim.org.br\/site\/wp-json\/wp\/v2\/posts\/5183\/revisions\/5193"}],"wp:featuredmedia":[{"embeddable":true,"href":"https:\/\/www.fenafim.org.br\/site\/wp-json\/wp\/v2\/media\/5192"}],"wp:attachment":[{"href":"https:\/\/www.fenafim.org.br\/site\/wp-json\/wp\/v2\/media?parent=5183"}],"wp:term":[{"taxonomy":"category","embeddable":true,"href":"https:\/\/www.fenafim.org.br\/site\/wp-json\/wp\/v2\/categories?post=5183"},{"taxonomy":"post_tag","embeddable":true,"href":"https:\/\/www.fenafim.org.br\/site\/wp-json\/wp\/v2\/tags?post=5183"}],"curies":[{"name":"wp","href":"https:\/\/api.w.org\/{rel}","templated":true}]}}