{"id":5072,"date":"2025-11-11T18:05:58","date_gmt":"2025-11-11T21:05:58","guid":{"rendered":"https:\/\/www.fenafim.org.br\/site\/?p=5072"},"modified":"2025-11-11T18:05:59","modified_gmt":"2025-11-11T21:05:59","slug":"a-fenafim-tem-a-satisfacao-de-anunciar-a-filiacao-do-sindicato-dos-funcionarios-integrantes-da-carreira-auditoria-fiscal-da-receita-do-distrito-federal-sinafite-df","status":"publish","type":"post","link":"https:\/\/www.fenafim.org.br\/site\/2025\/11\/11\/a-fenafim-tem-a-satisfacao-de-anunciar-a-filiacao-do-sindicato-dos-funcionarios-integrantes-da-carreira-auditoria-fiscal-da-receita-do-distrito-federal-sinafite-df\/","title":{"rendered":"A Fenafim tem a satisfa\u00e7\u00e3o de anunciar a filia\u00e7\u00e3o do Sindicato dos Funcion\u00e1rios Integrantes da Carreira Auditoria Fiscal da Receita do Distrito Federal (Sinafite-DF)."},"content":{"rendered":"\n<p>Com sede em Bras\u00edlia (DF), o Sinafite representa autoridades fiscais integrantes da administra\u00e7\u00e3o tribut\u00e1ria do Distrito Federal e \u00e9 presidido por Wanderson Vieira Waldhelm, cujo mandato segue at\u00e9 31 de mar\u00e7o de 2026<\/p>\n\n\n\n<p>A entidade atua na defesa das prerrogativas da carreira de auditoria fiscal distrital e na valoriza\u00e7\u00e3o do servi\u00e7o p\u00fablico, alinhando-se \u00e0 miss\u00e3o da Fenafim de fortalecer as administra\u00e7\u00f5es tribut\u00e1rias em todo o pa\u00eds. A filia\u00e7\u00e3o refor\u00e7a a representatividade da Federa\u00e7\u00e3o e amplia o di\u00e1logo entre as carreiras fiscais municipais e distritais, promovendo integra\u00e7\u00e3o e troca de experi\u00eancias em defesa da justi\u00e7a fiscal e do fortalecimento da arrecada\u00e7\u00e3o p\u00fablica.<\/p>\n\n\n\n<p>\u201cA chegada do Sinafite-DF amplia nossa base e fortalece o movimento em prol das administra\u00e7\u00f5es tribut\u00e1rias locais. \u00c9 um passo importante para consolidar a unidade entre os fiscos municipais, estaduais e distrital\u201d, destacou a diretoria da Fenafim.<\/p>\n\n\n\n<p>O sindicato est\u00e1 localizado no Setor de R\u00e1dio e TV Norte (SRTN), Quadra 702, conjunto P, salas 3053 a 3055, Asa Norte \u2013 Bras\u00edlia (DF), e pode ser contatado pelo e-mail sinafitebsb@gmail.com<br>ou pelo site https:\/\/sinafitedf.org<\/p>\n\n\n\n<p>Com esta nova ades\u00e3o, a Fenafim reafirma seu compromisso de fortalecer o protagonismo das administra\u00e7\u00f5es tribut\u00e1rias subnacionais e de consolidar a uni\u00e3o das entidades que atuam em defesa do interesse p\u00fablico e da&nbsp;justi\u00e7a&nbsp;fiscal.<\/p>\n","protected":false},"excerpt":{"rendered":"<p>Com sede em Bras\u00edlia (DF), o Sinafite representa autoridades fiscais integrantes da administra\u00e7\u00e3o tribut\u00e1ria do Distrito Federal e \u00e9 presidido por Wanderson Vieira Waldhelm, cujo mandato segue at\u00e9 31 de &#8230;<\/p>\n","protected":false},"author":4,"featured_media":5073,"comment_status":"closed","ping_status":"open","sticky":true,"template":"","format":"standard","meta":{"_jetpack_memberships_contains_paid_content":false,"footnotes":""},"categories":[192],"tags":[],"jetpack_sharing_enabled":true,"jetpack_featured_media_url":"https:\/\/www.fenafim.org.br\/site\/wp-content\/uploads\/2025\/11\/IMG-20251111-WA0003.jpg","_links":{"self":[{"href":"https:\/\/www.fenafim.org.br\/site\/wp-json\/wp\/v2\/posts\/5072"}],"collection":[{"href":"https:\/\/www.fenafim.org.br\/site\/wp-json\/wp\/v2\/posts"}],"about":[{"href":"https:\/\/www.fenafim.org.br\/site\/wp-json\/wp\/v2\/types\/post"}],"author":[{"embeddable":true,"href":"https:\/\/www.fenafim.org.br\/site\/wp-json\/wp\/v2\/users\/4"}],"replies":[{"embeddable":true,"href":"https:\/\/www.fenafim.org.br\/site\/wp-json\/wp\/v2\/comments?post=5072"}],"version-history":[{"count":1,"href":"https:\/\/www.fenafim.org.br\/site\/wp-json\/wp\/v2\/posts\/5072\/revisions"}],"predecessor-version":[{"id":5074,"href":"https:\/\/www.fenafim.org.br\/site\/wp-json\/wp\/v2\/posts\/5072\/revisions\/5074"}],"wp:featuredmedia":[{"embeddable":true,"href":"https:\/\/www.fenafim.org.br\/site\/wp-json\/wp\/v2\/media\/5073"}],"wp:attachment":[{"href":"https:\/\/www.fenafim.org.br\/site\/wp-json\/wp\/v2\/media?parent=5072"}],"wp:term":[{"taxonomy":"category","embeddable":true,"href":"https:\/\/www.fenafim.org.br\/site\/wp-json\/wp\/v2\/categories?post=5072"},{"taxonomy":"post_tag","embeddable":true,"href":"https:\/\/www.fenafim.org.br\/site\/wp-json\/wp\/v2\/tags?post=5072"}],"curies":[{"name":"wp","href":"https:\/\/api.w.org\/{rel}","templated":true}]}}