{"id":4871,"date":"2025-08-04T12:57:05","date_gmt":"2025-08-04T15:57:05","guid":{"rendered":"https:\/\/www.fenafim.org.br\/site\/?p=4871"},"modified":"2025-08-04T12:57:07","modified_gmt":"2025-08-04T15:57:07","slug":"fenafim-parabeniza-porto-alegre-pelo-fortalecimento-da-administracao-tributaria-municipal","status":"publish","type":"post","link":"https:\/\/www.fenafim.org.br\/site\/2025\/08\/04\/fenafim-parabeniza-porto-alegre-pelo-fortalecimento-da-administracao-tributaria-municipal\/","title":{"rendered":"Fenafim parabeniza Porto Alegre pelo fortalecimento da administra\u00e7\u00e3o tribut\u00e1ria municipal"},"content":{"rendered":"\n<p>A Federa\u00e7\u00e3o Nacional dos Auditores e Fiscais de Tributos Municipais (Fenafim) parabeniza a Receita Municipal de Porto Alegre pelos expressivos avan\u00e7os alcan\u00e7ados no primeiro semestre de 2025. Em um momento decisivo de transi\u00e7\u00e3o para o novo sistema tribut\u00e1rio nacional, a capital ga\u00facha tem se destacado pela prepara\u00e7\u00e3o t\u00e9cnica, pela moderniza\u00e7\u00e3o da gest\u00e3o fiscal e pelo compromisso com a autonomia financeira do Munic\u00edpio.<\/p>\n\n\n\n<p>Entre as principais iniciativas, destacam-se:<\/p>\n\n\n\n<p>A posse de 23 novos auditores-fiscais da Receita Municipal, refor\u00e7ando de forma estrat\u00e9gica a capacidade t\u00e9cnica do fisco local;<\/p>\n\n\n\n<p>O crescimento real de 12% na arrecada\u00e7\u00e3o do ISS, com R$ 886,7 milh\u00f5es arrecadados no primeiro semestre;<\/p>\n\n\n\n<p>O desempenho hist\u00f3rico na arrecada\u00e7\u00e3o da d\u00edvida ativa, que superou R$ 176 milh\u00f5es no per\u00edodo;<\/p>\n\n\n\n<p>A amplia\u00e7\u00e3o do programa de autorregulariza\u00e7\u00e3o do ISSQN, promovendo conformidade tribut\u00e1ria orientativa;<\/p>\n\n\n\n<p>A atua\u00e7\u00e3o ativa na implementa\u00e7\u00e3o do Domic\u00edlio Tribut\u00e1rio Eletr\u00f4nico (DTE) e nos grupos de trabalho sobre a Nota Nacional;<\/p>\n\n\n\n<p>A disponibiliza\u00e7\u00e3o de dados de ren\u00fancia fiscal em portal aberto, refor\u00e7ando a transpar\u00eancia na gest\u00e3o p\u00fablica.<\/p>\n\n\n\n<p>Al\u00e9m disso, a Receita Municipal consolidou avan\u00e7os importantes na moderniza\u00e7\u00e3o de processos, revis\u00e3o da PGV, uso de tecnologia na fiscaliza\u00e7\u00e3o, media\u00e7\u00e3o tribut\u00e1ria e consolida\u00e7\u00e3o de d\u00e9bitos do ISS \u2014 iniciativas que colocam Porto Alegre entre os munic\u00edpios mais bem preparados para o novo cen\u00e1rio trazido pelo Imposto sobre Bens e Servi\u00e7os (IBS).<\/p>\n\n\n\n<p>Para a Fenafim, esse conjunto de a\u00e7\u00f5es evidencia o protagonismo que os Munic\u00edpios podem e devem exercer na constru\u00e7\u00e3o do novo modelo tribut\u00e1rio nacional. Investir em pessoal qualificado, processos eficientes e transpar\u00eancia \u00e9 essencial para garantir justi\u00e7a fiscal, ampliar a arrecada\u00e7\u00e3o pr\u00f3pria e assegurar uma representa\u00e7\u00e3o municipal forte e t\u00e9cnica no Comit\u00ea Gestor do IBS.<\/p>\n\n\n\n<p>A Fenafim sa\u00fada todas e todos os profissionais que integram a Receita Municipal de Porto Alegre, reafirmando seu apoio \u00e0 valoriza\u00e7\u00e3o da carreira fiscal e \u00e0 constru\u00e7\u00e3o de um sistema federativo mais equilibrado, funcional e comprometido com o interesse p\u00fablico.<\/p>\n","protected":false},"excerpt":{"rendered":"<p>A Federa\u00e7\u00e3o Nacional dos Auditores e Fiscais de Tributos Municipais (Fenafim) parabeniza a Receita Municipal de Porto Alegre pelos expressivos avan\u00e7os alcan\u00e7ados no primeiro semestre de 2025. Em um momento &#8230;<\/p>\n","protected":false},"author":4,"featured_media":4872,"comment_status":"closed","ping_status":"open","sticky":true,"template":"","format":"standard","meta":{"_jetpack_memberships_contains_paid_content":false,"footnotes":""},"categories":[187],"tags":[],"jetpack_sharing_enabled":true,"jetpack_featured_media_url":"https:\/\/www.fenafim.org.br\/site\/wp-content\/uploads\/2025\/08\/IMG-20250804-WA0002.jpg","_links":{"self":[{"href":"https:\/\/www.fenafim.org.br\/site\/wp-json\/wp\/v2\/posts\/4871"}],"collection":[{"href":"https:\/\/www.fenafim.org.br\/site\/wp-json\/wp\/v2\/posts"}],"about":[{"href":"https:\/\/www.fenafim.org.br\/site\/wp-json\/wp\/v2\/types\/post"}],"author":[{"embeddable":true,"href":"https:\/\/www.fenafim.org.br\/site\/wp-json\/wp\/v2\/users\/4"}],"replies":[{"embeddable":true,"href":"https:\/\/www.fenafim.org.br\/site\/wp-json\/wp\/v2\/comments?post=4871"}],"version-history":[{"count":1,"href":"https:\/\/www.fenafim.org.br\/site\/wp-json\/wp\/v2\/posts\/4871\/revisions"}],"predecessor-version":[{"id":4873,"href":"https:\/\/www.fenafim.org.br\/site\/wp-json\/wp\/v2\/posts\/4871\/revisions\/4873"}],"wp:featuredmedia":[{"embeddable":true,"href":"https:\/\/www.fenafim.org.br\/site\/wp-json\/wp\/v2\/media\/4872"}],"wp:attachment":[{"href":"https:\/\/www.fenafim.org.br\/site\/wp-json\/wp\/v2\/media?parent=4871"}],"wp:term":[{"taxonomy":"category","embeddable":true,"href":"https:\/\/www.fenafim.org.br\/site\/wp-json\/wp\/v2\/categories?post=4871"},{"taxonomy":"post_tag","embeddable":true,"href":"https:\/\/www.fenafim.org.br\/site\/wp-json\/wp\/v2\/tags?post=4871"}],"curies":[{"name":"wp","href":"https:\/\/api.w.org\/{rel}","templated":true}]}}