{"id":4191,"date":"2024-07-15T11:31:46","date_gmt":"2024-07-15T14:31:46","guid":{"rendered":"https:\/\/www.fenafim.org.br\/site\/?p=4191"},"modified":"2024-07-15T11:31:48","modified_gmt":"2024-07-15T14:31:48","slug":"apefisco-e-ministerio-publico-de-contas-de-pernambuco-tratam-de-temas-importantes-para-os-fiscos-municipais-em-sua-missao-de-arrecadar-e-garantir-o-custeio-dos-servicos-essenciais","status":"publish","type":"post","link":"https:\/\/www.fenafim.org.br\/site\/2024\/07\/15\/apefisco-e-ministerio-publico-de-contas-de-pernambuco-tratam-de-temas-importantes-para-os-fiscos-municipais-em-sua-missao-de-arrecadar-e-garantir-o-custeio-dos-servicos-essenciais\/","title":{"rendered":"Apefisco e Minist\u00e9rio P\u00fablico de Contas de Pernambuco tratam de temas importantes para os fiscos municipais em sua miss\u00e3o de arrecadar e garantir o custeio dos servi\u00e7os essenciais"},"content":{"rendered":"\n<p>Na \u00faltima sexta-feira, (12\/07), dirigentes da Apefisco e o Procurador-Geral do Minist\u00e9rio P\u00fablico de Contas de Pernambuco, Ricardo Alexandre, trataram de pontos da Reforma Tribut\u00e1ria ligados \u00e0 estrutura\u00e7\u00e3o e atua\u00e7\u00e3o dos Fiscos nesse novo cen\u00e1rio da tributa\u00e7\u00e3o sobre o consumo (IVA). Al\u00e9m disso, tamb\u00e9m trataram sobre quest\u00f5es ligadas \u00e0 inscri\u00e7\u00e3o e controle da D\u00edvida Ativa nos Munic\u00edpios, e do Evento institucional, educativo e comemorativo do dia do Fisco Municipal 2024 que vai acontecer em Caruaru (PE), na tarde do dia 20 de setembro.<\/p>\n\n\n\n<p>Dr. Ricardo Alexandre, que j\u00e1 participa como palestrante nos Eventos da Associa\u00e7\u00e3o Pernambucana dos Fiscos Municipais h\u00e1 tempos, palestrar\u00e1 no Dia do Fisco Municipal 2024, que tem como tema &#8220;Estrutura\u00e7\u00e3o do Fisco para vencer os desafios frente \u00e0 Reforma Tribut\u00e1ria&#8221;. Desta vez, a data ser\u00e1 ainda mais especial porque a Apefisco decidiu prestar justa homenagem ao Professor e Membro do MPC, Ricardo Alexandre, por sua atua\u00e7\u00e3o profissional e seu compromisso com o bom funcionamento das administra\u00e7\u00f5es tribut\u00e1rias.<\/p>\n\n\n\n<p>Participaram da reuni\u00e3o, pela Apefisco, representantes de tr\u00eas fiscos: Albert Van Drunen do Cabo de Santo Agostinho; Marcos Eduardo Lima de Camaragibe; e Carlos Cardoso de Ipojuca (que \u00e9 Diretor Jur\u00eddico da Fenafim). Na pr\u00f3xima semana, a Apefisco divulgar\u00e1 mais detalhes do Dia do Fisco Municipal, tal como programa\u00e7\u00e3o, hor\u00e1rios e local de sua realiza\u00e7\u00e3o em Caruaru.<\/p>\n","protected":false},"excerpt":{"rendered":"<p>Na \u00faltima sexta-feira, (12\/07), dirigentes da Apefisco e o Procurador-Geral do Minist\u00e9rio P\u00fablico de Contas de Pernambuco, Ricardo Alexandre, trataram de pontos da Reforma Tribut\u00e1ria ligados \u00e0 estrutura\u00e7\u00e3o e atua\u00e7\u00e3o &#8230;<\/p>\n","protected":false},"author":4,"featured_media":4192,"comment_status":"closed","ping_status":"open","sticky":true,"template":"","format":"standard","meta":{"_jetpack_memberships_contains_paid_content":false,"footnotes":""},"categories":[1],"tags":[],"jetpack_sharing_enabled":true,"jetpack_featured_media_url":"https:\/\/www.fenafim.org.br\/site\/wp-content\/uploads\/2024\/07\/ipojuca.jpg","_links":{"self":[{"href":"https:\/\/www.fenafim.org.br\/site\/wp-json\/wp\/v2\/posts\/4191"}],"collection":[{"href":"https:\/\/www.fenafim.org.br\/site\/wp-json\/wp\/v2\/posts"}],"about":[{"href":"https:\/\/www.fenafim.org.br\/site\/wp-json\/wp\/v2\/types\/post"}],"author":[{"embeddable":true,"href":"https:\/\/www.fenafim.org.br\/site\/wp-json\/wp\/v2\/users\/4"}],"replies":[{"embeddable":true,"href":"https:\/\/www.fenafim.org.br\/site\/wp-json\/wp\/v2\/comments?post=4191"}],"version-history":[{"count":1,"href":"https:\/\/www.fenafim.org.br\/site\/wp-json\/wp\/v2\/posts\/4191\/revisions"}],"predecessor-version":[{"id":4193,"href":"https:\/\/www.fenafim.org.br\/site\/wp-json\/wp\/v2\/posts\/4191\/revisions\/4193"}],"wp:featuredmedia":[{"embeddable":true,"href":"https:\/\/www.fenafim.org.br\/site\/wp-json\/wp\/v2\/media\/4192"}],"wp:attachment":[{"href":"https:\/\/www.fenafim.org.br\/site\/wp-json\/wp\/v2\/media?parent=4191"}],"wp:term":[{"taxonomy":"category","embeddable":true,"href":"https:\/\/www.fenafim.org.br\/site\/wp-json\/wp\/v2\/categories?post=4191"},{"taxonomy":"post_tag","embeddable":true,"href":"https:\/\/www.fenafim.org.br\/site\/wp-json\/wp\/v2\/tags?post=4191"}],"curies":[{"name":"wp","href":"https:\/\/api.w.org\/{rel}","templated":true}]}}