{"id":4010,"date":"2024-05-20T08:43:00","date_gmt":"2024-05-20T11:43:00","guid":{"rendered":"https:\/\/blogdoaftm.com.br\/?p=25779"},"modified":"2024-05-20T08:43:00","modified_gmt":"2024-05-20T11:43:00","slug":"cidade-maravilhosa-e-mais-o-que-significam-os-apelidos-das-capitais-brasileiras","status":"publish","type":"post","link":"https:\/\/www.fenafim.org.br\/site\/2024\/05\/20\/cidade-maravilhosa-e-mais-o-que-significam-os-apelidos-das-capitais-brasileiras\/","title":{"rendered":"Cidade maravilhosa e mais: o que significam os apelidos das capitais brasileiras?"},"content":{"rendered":"<div><img decoding=\"async\" src=\"https:\/\/www.fenafim.org.br\/site\/wp-content\/uploads\/2024\/05\/cidade-maravilhosa-e-mais-o-que-significam-os-apelidos-das-capitais-brasileiras.jpg\" class=\"ff-og-image-inserted\"><\/div>\n<p>As capitais s\u00e3o cidades que servem como sede do governo de um pa\u00eds ou de uma unidade administrativa, concentrando institui\u00e7\u00f5es pol\u00edticas, administrativas e, frequentemente, culturais.<\/p>\n<p>Com o tempo, as capitais v\u00e3o ganhando apelidos que destacam suas caracter\u00edsticas mais marcantes, seja por suas paisagens, eventos hist\u00f3ricos ou peculiaridades locais. Voc\u00ea conhece os apelidos de cada uma delas?<\/p>\n<h3 data-sider-select-id=\"8276255e-8c60-4078-9450-3374e7b52bd5\">Significado dos apelidos de Manaus, Porto Alegre, Florian\u00f3polis e Aracaju<\/h3>\n<p>Manaus, a capital do Amazonas, \u00e9 conhecida como Porto de Lenha. Esse apelido foi criado ap\u00f3s uma can\u00e7\u00e3o dos anos 70 que se tornou o hino n\u00e3o-oficial da cidade. O nome \u00e9 uma refer\u00eancia ao antigo trapiche de madeira que originou o porto de Manaus. J\u00e1 a capital de Rond\u00f4nia, Boa Vista, acompanha o apelido BV, que s\u00e3o as inicias da cidade.<\/p>\n<p>Porto Alegre tem dois apelidos populares: a abrevia\u00e7\u00e3o POA e Porto dos Casais. Este \u00faltimo est\u00e1 ligado \u00e0 origem da cidade, colonizada por casais portugueses vindos das Ilhas dos A\u00e7ores. Eles se estabeleceram \u00e0s margens do rio Gua\u00edba, local em que constru\u00edram um porto que inspirou o nome da cidade.<\/p>\n<p>Florian\u00f3polis, a capital de Santa Catarina, \u00e9 conhecida como Ilha da Magia. Esse apelido surgiu das lendas que envolvem a ilha de Santa Catarina, onde se encontra a maior parte da cidade. H\u00e1 rumores de bruxas e lobisomens que habitam ou j\u00e1 visitaram a ilha, alimentando o misticismo local.<\/p>\n<p>Aracaju, capital de Sergipe, assim como Boa Vista, tem um apelido simples. Chamada de Aju, essa abrevia\u00e7\u00e3o \u00e9 uma simplifica\u00e7\u00e3o do nome de um cajueiro que existia no local onde a cidade foi fundada.<\/p>\n<h3 data-sider-select-id=\"18e3e014-d198-4bbc-99ce-fd8ff5567ada\">Sentidos dos apelidos de Palmas, Natal, Rio Branco e Amap\u00e1<\/h3>\n<p>Palmas, a capital de Tocantins, \u00e9 conhecida como Ca\u00e7ula das Capitais. Esse nome se deve ao fato de Palmas ser a capital mais nova do Brasil, fundada em 1989.<\/p>\n<p>Natal, a capital do Rio Grande do Norte, \u00e9 apelidada de Noiva do Sol, devido ao maior \u00edndice de insola\u00e7\u00e3o do Brasil, com cerca de 3 mil horas de sol por ano.<\/p>\n<p>Rio Branco, a capital do Acre, \u00e9 conhecida como a Capital da Natureza. Esse nome deve-se ao fato de a cidade ter uma grande \u00e1rea verde, sendo uma das mais arborizadas do pa\u00eds.<\/p>\n<p>Macei\u00f3, a capital de Alagoas, \u00e9 chamada de Caribe Brasileiro por causa das belezas naturais de suas praias, com areias brancas e \u00e1guas cristalinas que lembram o Caribe.<\/p>\n<p>O apelido Macapaba, de Macap\u00e1, capital do Amap\u00e1, vem do tupi e significa \u201clugar de muitas bacabas\u201d. A bacaba \u00e9 uma palmeira nativa da Amaz\u00f4nia, marcando presen\u00e7a por toda Bacia Amaz\u00f4nica.<\/p>\n<h3 data-sider-select-id=\"a4851ff1-2cd1-4f1b-9296-ef7e7990b9f9\">Significados dos apelidos de Salvador, Fortaleza e Bras\u00edlia<\/h3>\n<p>Salvador, na Bahia, \u00e9 conhecida como a Capital da Alegria. Esse apelido representa o esp\u00edrito alegre dos soteropolitanos, que se manifesta em diversos aspectos culturais, como no carnaval e na m\u00fasica.<\/p>\n<p>Fortaleza, a capital do Cear\u00e1, tamb\u00e9m \u00e9 chamada de Fortal. Este apelido \u00e9 uma simplifica\u00e7\u00e3o do nome da localidade, que deriva do Forte de Nossa Senhora da Assun\u00e7\u00e3o, constru\u00eddo pelos portugueses no s\u00e9culo XVII.<\/p>\n<p>Bras\u00edlia, a capital do Distrito Federal e do Brasil, \u00e9 conhecida como BSB. Esse apelido \u00e9 uma abrevia\u00e7\u00e3o do c\u00f3digo IATA do aeroporto internacional da cidade.<\/p>\n<h3 data-sider-select-id=\"9a3a6e47-0fd8-4d35-b58e-d906fa4b6c78\">Belo Horizonte, Vit\u00f3ria e S\u00e3o Lu\u00eds<\/h3>\n<p>Belo Horizonte, capital de Minas Gerais, \u00e9 conhecida como Beag\u00e1, um modo de pronunciar as iniciais da cidade.<\/p>\n<p data-sider-select-id=\"9ca86efc-2f64-482d-8ca5-39b2d526b7ad\">Vit\u00f3ria, capital do Esp\u00edrito Santo, assim como <a href=\"https:\/\/blogdoaftm.com.br\/setor-de-servicos-de-florianopolis-ainda-nao-recuperou-receita-anterior-a-pandemia\/\" target=\"_blank\" rel=\"noopener\" data-sider-select-id=\"45593775-d1e2-4dfd-97ef-e9cabf231326\">Florian\u00f3polis<\/a>, \u00e9 chamada de Ilha do Mel. O apelido foi dado pelos ind\u00edgenas, que se referiam \u00e0s \u00e1guas tranquilas da regi\u00e3o e ao manguezal repleto de moluscos e peixes.<\/p>\n<p>S\u00e3o Lu\u00eds, capital do Maranh\u00e3o, \u00e9 conhecida como Ilha do Amor. Esse apelido surgiu de uma m\u00fasica do cantor local C\u00e9sar Nascimento, que afirmou que o amor nasceu em S\u00e3o Lu\u00eds.<\/p>\n<h3 data-sider-select-id=\"f94e31e7-f97a-4122-b67e-1977914c23f0\">Goi\u00e2nia, Cuiab\u00e1 e Campo Grande<\/h3>\n<p>Goi\u00e2nia, capital de Goi\u00e1s, \u00e9 conhecida como a Capital do Cerrado, devido \u00e0 sua localiza\u00e7\u00e3o geogr\u00e1fica no bioma do cerrado.<\/p>\n<p>Cuiab\u00e1 tamb\u00e9m \u00e9 chamada de Cuiabrasa, devido ao calor intenso que faz na cidade, com \u201cbrasa\u201d referindo-se a algo escaldante.<\/p>\n<p>Campo Grande, por sua vez, \u00e9 conhecida como Cidade Morena, por causa da cor avermelhada do solo da cidade, rico em \u00f3xido de ferro.<\/p>\n<h3 data-sider-select-id=\"a8d57030-53a5-42ba-898d-cfd4743d4c2c\">Os apelidos de Bel\u00e9m, Jo\u00e3o Pessoa, Curitiba, Recife e Teresina<\/h3>\n<p>Bel\u00e9m \u00e9 conhecida como a Cidade das Mangueiras devido \u00e0 grande quantidade de mangueiras que embelezam suas ruas.<\/p>\n<p>Jo\u00e3o Pessoa \u00e9 chamada de Jampa, uma corruptela do nome da cidade criada pelos pr\u00f3prios habitantes, similar a \u201cSampa\u201d para S\u00e3o Paulo.<\/p>\n<p>Curitiba, no Paran\u00e1, \u00e9 apelidada de Cidade Sorriso. Esse nome reflete o contentamento dos curitibanos com sua cidade.<\/p>\n<p>Recife, capital de Pernambuco, \u00e9 conhecida como Veneza Brasileira. Assim como a famosa cidade italiana, Recife \u00e9 cortada por canais e pontes.<\/p>\n<p>Teresina, no Piau\u00ed, \u00e9 conhecida como Cidade Verde devido \u00e0s suas ruas arborizadas.<\/p>\n<h3 data-sider-select-id=\"378a81c5-ad77-4b48-954f-49bcfdef8cbd\">E o Rio de Janeiro e S\u00e3o Paulo?<\/h3>\n<p>O Rio de Janeiro, por sua vez, talvez tenha o apelido mais conhecido de todos, sendo denominado Cidade Maravilhosa. Esse apelido \u00e9 oriundo de uma marchinha de 1934, composta pelo artista Andr\u00e9 Filho. O nome, evidentemente, \u00e9 uma refer\u00eancia \u00e0 beleza natural da cidade.<\/p>\n<p>Por \u00faltimo, S\u00e3o Paulo \u00e9 chamada de Terra da Garoa. A capital paulista ganhou esse apelido devido \u00e0 garoa frequente, especialmente no final da primavera e outono.<\/p>\n","protected":false},"excerpt":{"rendered":"<p>As capitais s\u00e3o cidades que servem como sede do governo de um pa\u00eds ou de uma unidade administrativa, concentrando institui\u00e7\u00f5es pol\u00edticas, administrativas e, frequentemente, culturais. Com o tempo, as capitais &#8230;<\/p>\n","protected":false},"author":1,"featured_media":4011,"comment_status":"open","ping_status":"open","sticky":false,"template":"","format":"standard","meta":{"_jetpack_memberships_contains_paid_content":false,"footnotes":""},"categories":[94,1],"tags":[],"jetpack_sharing_enabled":true,"jetpack_featured_media_url":"https:\/\/www.fenafim.org.br\/site\/wp-content\/uploads\/2024\/05\/cidade-maravilhosa-e-mais-o-que-significam-os-apelidos-das-capitais-brasileiras.jpg","_links":{"self":[{"href":"https:\/\/www.fenafim.org.br\/site\/wp-json\/wp\/v2\/posts\/4010"}],"collection":[{"href":"https:\/\/www.fenafim.org.br\/site\/wp-json\/wp\/v2\/posts"}],"about":[{"href":"https:\/\/www.fenafim.org.br\/site\/wp-json\/wp\/v2\/types\/post"}],"author":[{"embeddable":true,"href":"https:\/\/www.fenafim.org.br\/site\/wp-json\/wp\/v2\/users\/1"}],"replies":[{"embeddable":true,"href":"https:\/\/www.fenafim.org.br\/site\/wp-json\/wp\/v2\/comments?post=4010"}],"version-history":[{"count":0,"href":"https:\/\/www.fenafim.org.br\/site\/wp-json\/wp\/v2\/posts\/4010\/revisions"}],"wp:featuredmedia":[{"embeddable":true,"href":"https:\/\/www.fenafim.org.br\/site\/wp-json\/wp\/v2\/media\/4011"}],"wp:attachment":[{"href":"https:\/\/www.fenafim.org.br\/site\/wp-json\/wp\/v2\/media?parent=4010"}],"wp:term":[{"taxonomy":"category","embeddable":true,"href":"https:\/\/www.fenafim.org.br\/site\/wp-json\/wp\/v2\/categories?post=4010"},{"taxonomy":"post_tag","embeddable":true,"href":"https:\/\/www.fenafim.org.br\/site\/wp-json\/wp\/v2\/tags?post=4010"}],"curies":[{"name":"wp","href":"https:\/\/api.w.org\/{rel}","templated":true}]}}