{"id":4001,"date":"2024-05-16T00:49:00","date_gmt":"2024-05-16T03:49:00","guid":{"rendered":"https:\/\/blogdoaftm.com.br\/?p=25724"},"modified":"2024-05-16T00:49:00","modified_gmt":"2024-05-16T03:49:00","slug":"qual-e-o-maximo-que-o-ser-humano-pode-viver-cientistas-calculam","status":"publish","type":"post","link":"https:\/\/www.fenafim.org.br\/site\/2024\/05\/16\/qual-e-o-maximo-que-o-ser-humano-pode-viver-cientistas-calculam\/","title":{"rendered":"Qual \u00e9 o m\u00e1ximo que o ser humano pode viver? Cientistas calculam"},"content":{"rendered":"<div><img decoding=\"async\" src=\"https:\/\/www.fenafim.org.br\/site\/wp-content\/uploads\/2024\/05\/qual-e-o-maximo-que-o-ser-humano-pode-viver-cientistas-calculam.jpg\" class=\"ff-og-image-inserted\"><\/div>\n<p>Com o passar das d\u00e9cadas e o aumento dos investimentos em sa\u00fade e&nbsp;<a href=\"https:\/\/olhardigital.com.br\/2022\/09\/12\/colunistas\/como-a-tecnologia-pode-atuar-para-o-bem-estar-e-saude-individual-e-coletiva-das-pessoas\/\" data-mrf-link=\"https:\/\/olhardigital.com.br\/2022\/09\/12\/colunistas\/como-a-tecnologia-pode-atuar-para-o-bem-estar-e-saude-individual-e-coletiva-das-pessoas\/\">bem-estar&nbsp;<\/a>a expectativa de vida m\u00e9dia do ser humano vai lentamente aumentando. Voc\u00ea j\u00e1 deve ter ouvido falar que um dia vai ser poss\u00edvel viver at\u00e9 200 anos e outras hist\u00f3rias do tipo. Mas quanto ser\u00e1 que o&nbsp;<a href=\"https:\/\/olhardigital.com.br\/2023\/07\/13\/dicas-e-tutoriais\/quantas-pessoas-tem-meu-nome\/\" data-mrf-link=\"https:\/\/olhardigital.com.br\/2023\/07\/13\/dicas-e-tutoriais\/quantas-pessoas-tem-meu-nome\/\">corpo humano<\/a>&nbsp;aguenta?.<\/p>\n<p>Bem, a resposta foi&nbsp;<a href=\"https:\/\/olhardigital.com.br\/2021\/05\/27\/ciencia-e-espaco\/cientistas-calculam-expectativa-de-vida-maxima-do-ser-humano\/\" data-mrf-link=\"https:\/\/olhardigital.com.br\/2021\/05\/27\/ciencia-e-espaco\/cientistas-calculam-expectativa-de-vida-maxima-do-ser-humano\/\">calculada em 2021 por um grupo de cientistas de Singapura<\/a>. Na ocasi\u00e3o, os pesquisadores descobriram que o m\u00e1ximo que podemos chegar ainda \u00e9 bem longe dos 200, mas bem mais do que a m\u00e9dia de vida humana atual.&nbsp;<\/p>\n<p>De acordo com o estudo, com a sa\u00fade em perfeito estado, pessoas podem viver entre 120 e 150 anos. \u00c9 um n\u00famero bem alto se levarmos em conta que, no Brasil, a expectativa de vida hoje gira em torno dos 75 anos.&nbsp;<\/p>\n<p>Mas n\u00e3o se anime muito tamb\u00e9m n\u00e3o com a possibilidade de viver at\u00e9 os 150 anos. Para apagar tantas velinhas \u00e9 preciso, al\u00e9m de uma sa\u00fade perfeita, nunca vista at\u00e9 hoje, tamb\u00e9m \u00e9 preciso muita sorte. Os 150 anos estimados pelos cientistas s\u00e3o calculados de acordo com o processo natural de envelhecimento.<\/p>\n<h2 id=\"h-como-calcularam-a-expectativa-de-vida-maxima-do-ser-humano\" class=\"wp-block-heading\">Como calcularam a expectativa de vida m\u00e1xima do ser humano?<\/h2>\n<p>O grupo que realizou a pesquisa integra a empresa Gero, sediada em Singapura. Eles examinaram o ritmo de envelhecimento de pessoas residentes nos Estados Unidos, Reino Unido e R\u00fassia. O estudo dos cientistas foi publicado na&nbsp;<a href=\"https:\/\/www.nature.com\/articles\/s41467-021-23014-1\" target=\"_blank\" rel=\"noreferrer noopener\" data-mrf-link=\"https:\/\/www.nature.com\/articles\/s41467-021-23014-1\"><em>Nature Communications<\/em><\/a>.<\/p>\n<p>Ao observar passos dados ou mudan\u00e7a na contagem de&nbsp;<a href=\"https:\/\/olhardigital.com.br\/2021\/05\/04\/coronavirus\/proteina-consegue-impedir-virus-da-covid-19-de-atacar-celulas-humanas-video\/\" data-mrf-link=\"https:\/\/olhardigital.com.br\/2021\/05\/04\/coronavirus\/proteina-consegue-impedir-virus-da-covid-19-de-atacar-celulas-humanas-video\/\">c\u00e9lulas<\/a>&nbsp;sangu\u00edneas, a medida em que a idade aumenta, o corpo diminu\u00ed esses n\u00fameros a uma taxa previs\u00edvel. Assim, entre os 120 e 150 anos, a resili\u00eancia natural do corpo falha totalmente e leva o indiv\u00edduo \u00e0 morte.<\/p>\n<p>Mesmo conseguindo chegar ao n\u00famero, os cientistas apontam uma quest\u00e3o ainda mais importante do que a longevidade. Os especialistas argumentam que, ao inv\u00e9s de perguntar por quanto tempo uma pessoa pode viver, \u00e9 preciso pensar por quanto tempo \u00e9 poss\u00edvel levar uma vida<a href=\"https:\/\/olhardigital.com.br\/2021\/05\/10\/medicina-e-saude\/pesquisa-indica-que-vegetarianos-tem-perfil-biomarcador-mais-saudavel\/\" data-mrf-link=\"https:\/\/olhardigital.com.br\/2021\/05\/10\/medicina-e-saude\/pesquisa-indica-que-vegetarianos-tem-perfil-biomarcador-mais-saudavel\/\">&nbsp;saud\u00e1vel<\/a>.<\/p>\n<p>\u201cOutras coisas, como qualidade de vida, come\u00e7am a ter cada vez mais import\u00e2ncia \u00e0 medida que as pessoas vivenciam sua perda\u201d, disse Heather Whitson, diretora do Centro para o Estudo do Envelhecimento e Desenvolvimento Humano da Duke University.<\/p>\n<p>Enquanto 150 anos \u00e9 apenas uma expectativa m\u00e1xima de vida para seres humanos, a pessoa mais velha de que se tem registro foi a francesa Jeanne Calment. Ela nasceu em 1875 e morreu em 1997, aos 122 anos de idade.<\/p>\n<p><strong>Fonte: https:\/\/olhardigital.com.br\/2024\/05\/09\/ciencia-e-espaco\/qual-e-o-maximo-que-o-ser-humano-pode-viver-cientistas-calculam\/<\/strong><\/p>\n","protected":false},"excerpt":{"rendered":"<p>Com o passar das d\u00e9cadas e o aumento dos investimentos em sa\u00fade e&nbsp;bem-estar&nbsp;a expectativa de vida m\u00e9dia do ser humano vai lentamente aumentando. Voc\u00ea j\u00e1 deve ter ouvido falar que &#8230;<\/p>\n","protected":false},"author":1,"featured_media":4002,"comment_status":"open","ping_status":"open","sticky":false,"template":"","format":"standard","meta":{"_jetpack_memberships_contains_paid_content":false,"footnotes":""},"categories":[94,1],"tags":[],"jetpack_sharing_enabled":true,"jetpack_featured_media_url":"https:\/\/www.fenafim.org.br\/site\/wp-content\/uploads\/2024\/05\/qual-e-o-maximo-que-o-ser-humano-pode-viver-cientistas-calculam.jpg","_links":{"self":[{"href":"https:\/\/www.fenafim.org.br\/site\/wp-json\/wp\/v2\/posts\/4001"}],"collection":[{"href":"https:\/\/www.fenafim.org.br\/site\/wp-json\/wp\/v2\/posts"}],"about":[{"href":"https:\/\/www.fenafim.org.br\/site\/wp-json\/wp\/v2\/types\/post"}],"author":[{"embeddable":true,"href":"https:\/\/www.fenafim.org.br\/site\/wp-json\/wp\/v2\/users\/1"}],"replies":[{"embeddable":true,"href":"https:\/\/www.fenafim.org.br\/site\/wp-json\/wp\/v2\/comments?post=4001"}],"version-history":[{"count":0,"href":"https:\/\/www.fenafim.org.br\/site\/wp-json\/wp\/v2\/posts\/4001\/revisions"}],"wp:featuredmedia":[{"embeddable":true,"href":"https:\/\/www.fenafim.org.br\/site\/wp-json\/wp\/v2\/media\/4002"}],"wp:attachment":[{"href":"https:\/\/www.fenafim.org.br\/site\/wp-json\/wp\/v2\/media?parent=4001"}],"wp:term":[{"taxonomy":"category","embeddable":true,"href":"https:\/\/www.fenafim.org.br\/site\/wp-json\/wp\/v2\/categories?post=4001"},{"taxonomy":"post_tag","embeddable":true,"href":"https:\/\/www.fenafim.org.br\/site\/wp-json\/wp\/v2\/tags?post=4001"}],"curies":[{"name":"wp","href":"https:\/\/api.w.org\/{rel}","templated":true}]}}