{"id":3910,"date":"2024-03-20T13:54:12","date_gmt":"2024-03-20T16:54:12","guid":{"rendered":"https:\/\/www.fenafim.org.br\/site\/?p=3910"},"modified":"2024-03-20T13:54:12","modified_gmt":"2024-03-20T16:54:12","slug":"fenafim-atua-na-formacao-da-associacao-acreana-dos-fiscos-municipais","status":"publish","type":"post","link":"https:\/\/www.fenafim.org.br\/site\/2024\/03\/20\/fenafim-atua-na-formacao-da-associacao-acreana-dos-fiscos-municipais\/","title":{"rendered":"Fenafim atua na forma\u00e7\u00e3o da Associa\u00e7\u00e3o Acreana dos Fiscos Municipais"},"content":{"rendered":"\n<p>\n\nNa noite da ter\u00e7a-feira (19\/03), a Assessora Especial da Fenafim, Jane Castelo, e o Diretor Jur\u00eddico e de Defesa Funcional, Carlos Cardoso, reuniram-se com integrantes dos&nbsp;fiscos de munic\u00edpios do Acre para iniciar os preparativos da entidade de base estadual que representar\u00e1 os membros das administra\u00e7\u00f5es tribut\u00e1rias municipais acreanas.<\/p>\n\n\n\n<p>Foram tratados na reuni\u00e3o temas como o oportuno momento de nascimento da entidade (andamento das leis complementares e implanta\u00e7\u00e3o da nova tributa\u00e7\u00e3o sobre o consumo que ser\u00e1 compartilhada entre Munic\u00edpios e Estados); o estatuto a ser adotado pela associa\u00e7\u00e3o, que poder\u00e1 chamar-se &#8220;Acrefisco&#8221;; e a defini\u00e7\u00e3o da comiss\u00e3o&nbsp;de&nbsp;funda\u00e7\u00e3o.<br><\/p>\n","protected":false},"excerpt":{"rendered":"<p>Na noite da ter\u00e7a-feira (19\/03), a Assessora Especial da Fenafim, Jane Castelo, e o Diretor Jur\u00eddico e de Defesa Funcional, Carlos Cardoso, reuniram-se com integrantes dos&nbsp;fiscos de munic\u00edpios do Acre &#8230;<\/p>\n","protected":false},"author":4,"featured_media":3911,"comment_status":"closed","ping_status":"open","sticky":false,"template":"","format":"standard","meta":{"_jetpack_memberships_contains_paid_content":false,"footnotes":""},"categories":[150],"tags":[],"jetpack_sharing_enabled":true,"jetpack_featured_media_url":"https:\/\/www.fenafim.org.br\/site\/wp-content\/uploads\/2024\/03\/Acreana-dos-Fiscos-Municipais.jpg","_links":{"self":[{"href":"https:\/\/www.fenafim.org.br\/site\/wp-json\/wp\/v2\/posts\/3910"}],"collection":[{"href":"https:\/\/www.fenafim.org.br\/site\/wp-json\/wp\/v2\/posts"}],"about":[{"href":"https:\/\/www.fenafim.org.br\/site\/wp-json\/wp\/v2\/types\/post"}],"author":[{"embeddable":true,"href":"https:\/\/www.fenafim.org.br\/site\/wp-json\/wp\/v2\/users\/4"}],"replies":[{"embeddable":true,"href":"https:\/\/www.fenafim.org.br\/site\/wp-json\/wp\/v2\/comments?post=3910"}],"version-history":[{"count":1,"href":"https:\/\/www.fenafim.org.br\/site\/wp-json\/wp\/v2\/posts\/3910\/revisions"}],"predecessor-version":[{"id":3912,"href":"https:\/\/www.fenafim.org.br\/site\/wp-json\/wp\/v2\/posts\/3910\/revisions\/3912"}],"wp:featuredmedia":[{"embeddable":true,"href":"https:\/\/www.fenafim.org.br\/site\/wp-json\/wp\/v2\/media\/3911"}],"wp:attachment":[{"href":"https:\/\/www.fenafim.org.br\/site\/wp-json\/wp\/v2\/media?parent=3910"}],"wp:term":[{"taxonomy":"category","embeddable":true,"href":"https:\/\/www.fenafim.org.br\/site\/wp-json\/wp\/v2\/categories?post=3910"},{"taxonomy":"post_tag","embeddable":true,"href":"https:\/\/www.fenafim.org.br\/site\/wp-json\/wp\/v2\/tags?post=3910"}],"curies":[{"name":"wp","href":"https:\/\/api.w.org\/{rel}","templated":true}]}}