{"id":3888,"date":"2024-03-12T14:11:24","date_gmt":"2024-03-12T17:11:24","guid":{"rendered":"https:\/\/www.fenafim.org.br\/site\/?p=3888"},"modified":"2024-03-12T14:11:24","modified_gmt":"2024-03-12T17:11:24","slug":"fenafim-faz-acertos-finais-para-criacao-da-apafisco-e-assembleia-da-fundacao-deve-contar-com-evento-sobre-reforma-tributaria","status":"publish","type":"post","link":"https:\/\/www.fenafim.org.br\/site\/2024\/03\/12\/fenafim-faz-acertos-finais-para-criacao-da-apafisco-e-assembleia-da-fundacao-deve-contar-com-evento-sobre-reforma-tributaria\/","title":{"rendered":"Fenafim faz acertos finais para cria\u00e7\u00e3o da APAFISCO e assembleia da funda\u00e7\u00e3o deve contar com evento sobre Reforma Tribut\u00e1ria"},"content":{"rendered":"\n<p>A Assessora Especial da Fenafim, Jane Castelo, e os Diretores, Mendes Sales e Carlos Cardoso, reuniram-se com membros dos fiscos municipais do Estado do Par\u00e1 a fim de acertarem pontos finais quanto ao Estatuto e \u00e0 assembleia de funda\u00e7\u00e3o da APAFISCO.<\/p>\n\n\n\n<p>A presen\u00e7a da ex-Diretora da Fenafim, Vania Oliveira, que integra a comiss\u00e3o de forma\u00e7\u00e3o da associa\u00e7\u00e3o paraense, mais uma vez serviu de est\u00edmulo \u00e0 participa\u00e7\u00e3o de mais interessados em estruturar a entidade e atuar na defesa dos servidores que garantem a arrecada\u00e7\u00e3o tribut\u00e1ria. Um semin\u00e1rio sobre a implanta\u00e7\u00e3o da Reforma Tribut\u00e1ria e a miss\u00e3o constitucional do Fisco come\u00e7ou a ser desenhado na reuni\u00e3o, e novas informa\u00e7\u00f5es vir\u00e3o nos pr\u00f3ximos dias.<\/p>\n","protected":false},"excerpt":{"rendered":"<p>A Assessora Especial da Fenafim, Jane Castelo, e os Diretores, Mendes Sales e Carlos Cardoso, reuniram-se com membros dos fiscos municipais do Estado do Par\u00e1 a fim de acertarem pontos &#8230;<\/p>\n","protected":false},"author":4,"featured_media":3889,"comment_status":"closed","ping_status":"open","sticky":false,"template":"","format":"standard","meta":{"_jetpack_memberships_contains_paid_content":false,"footnotes":""},"categories":[150],"tags":[],"jetpack_sharing_enabled":true,"jetpack_featured_media_url":"https:\/\/www.fenafim.org.br\/site\/wp-content\/uploads\/2024\/03\/APAFISCO1.jpg","_links":{"self":[{"href":"https:\/\/www.fenafim.org.br\/site\/wp-json\/wp\/v2\/posts\/3888"}],"collection":[{"href":"https:\/\/www.fenafim.org.br\/site\/wp-json\/wp\/v2\/posts"}],"about":[{"href":"https:\/\/www.fenafim.org.br\/site\/wp-json\/wp\/v2\/types\/post"}],"author":[{"embeddable":true,"href":"https:\/\/www.fenafim.org.br\/site\/wp-json\/wp\/v2\/users\/4"}],"replies":[{"embeddable":true,"href":"https:\/\/www.fenafim.org.br\/site\/wp-json\/wp\/v2\/comments?post=3888"}],"version-history":[{"count":1,"href":"https:\/\/www.fenafim.org.br\/site\/wp-json\/wp\/v2\/posts\/3888\/revisions"}],"predecessor-version":[{"id":3890,"href":"https:\/\/www.fenafim.org.br\/site\/wp-json\/wp\/v2\/posts\/3888\/revisions\/3890"}],"wp:featuredmedia":[{"embeddable":true,"href":"https:\/\/www.fenafim.org.br\/site\/wp-json\/wp\/v2\/media\/3889"}],"wp:attachment":[{"href":"https:\/\/www.fenafim.org.br\/site\/wp-json\/wp\/v2\/media?parent=3888"}],"wp:term":[{"taxonomy":"category","embeddable":true,"href":"https:\/\/www.fenafim.org.br\/site\/wp-json\/wp\/v2\/categories?post=3888"},{"taxonomy":"post_tag","embeddable":true,"href":"https:\/\/www.fenafim.org.br\/site\/wp-json\/wp\/v2\/tags?post=3888"}],"curies":[{"name":"wp","href":"https:\/\/api.w.org\/{rel}","templated":true}]}}