{"id":3885,"date":"2024-03-11T12:43:35","date_gmt":"2024-03-11T15:43:35","guid":{"rendered":"https:\/\/www.fenafim.org.br\/site\/?p=3885"},"modified":"2024-03-11T12:43:35","modified_gmt":"2024-03-11T15:43:35","slug":"fenafim-atua-na-formacao-da-associacao-dos-fiscos-municipais-do-mato-grosso-do-sul-traca-definicoes-sobre-o-estatuto-e-faz-preparativos-para-a-fundacao","status":"publish","type":"post","link":"https:\/\/www.fenafim.org.br\/site\/2024\/03\/11\/fenafim-atua-na-formacao-da-associacao-dos-fiscos-municipais-do-mato-grosso-do-sul-traca-definicoes-sobre-o-estatuto-e-faz-preparativos-para-a-fundacao\/","title":{"rendered":"Fenafim atua na forma\u00e7\u00e3o da Associa\u00e7\u00e3o dos Fiscos Municipais do Mato Grosso do Sul, tra\u00e7a defini\u00e7\u00f5es sobre o estatuto e faz preparativos\u00a0para\u00a0a\u00a0funda\u00e7\u00e3o"},"content":{"rendered":"\n<p>Na noite desta sexta-feira (08\/03), o Diretor de Forma\u00e7\u00e3o Profissional, Sindical e Apoio \u00e0s Entidades Regionais e Estaduais, Eliel Mendes Sales, reuniu-se com integrantes de fiscos municipais sul-mato-grossenses para tratar da funda\u00e7\u00e3o da entidade de base estadual que representar\u00e1 os membros dos Fiscos dos Munic\u00edpios do Mato Grosso do Sul. <\/p>\n\n\n\n<p>A pauta da reuni\u00e3o constou de temas como a elabora\u00e7\u00e3o da minuta de estatuto da entidade e a forma\u00e7\u00e3o de comiss\u00e3o para cria\u00e7\u00e3o da associa\u00e7\u00e3o, bem como sobre preparativos para a assembleia de funda\u00e7\u00e3o.<\/p>\n","protected":false},"excerpt":{"rendered":"<p>Na noite desta sexta-feira (08\/03), o Diretor de Forma\u00e7\u00e3o Profissional, Sindical e Apoio \u00e0s Entidades Regionais e Estaduais, Eliel Mendes Sales, reuniu-se com integrantes de fiscos municipais sul-mato-grossenses para tratar &#8230;<\/p>\n","protected":false},"author":4,"featured_media":3886,"comment_status":"closed","ping_status":"open","sticky":false,"template":"","format":"standard","meta":{"_jetpack_memberships_contains_paid_content":false,"footnotes":""},"categories":[150],"tags":[],"jetpack_sharing_enabled":true,"jetpack_featured_media_url":"https:\/\/www.fenafim.org.br\/site\/wp-content\/uploads\/2024\/03\/cria\u00e7\u00e3o.jpg","_links":{"self":[{"href":"https:\/\/www.fenafim.org.br\/site\/wp-json\/wp\/v2\/posts\/3885"}],"collection":[{"href":"https:\/\/www.fenafim.org.br\/site\/wp-json\/wp\/v2\/posts"}],"about":[{"href":"https:\/\/www.fenafim.org.br\/site\/wp-json\/wp\/v2\/types\/post"}],"author":[{"embeddable":true,"href":"https:\/\/www.fenafim.org.br\/site\/wp-json\/wp\/v2\/users\/4"}],"replies":[{"embeddable":true,"href":"https:\/\/www.fenafim.org.br\/site\/wp-json\/wp\/v2\/comments?post=3885"}],"version-history":[{"count":1,"href":"https:\/\/www.fenafim.org.br\/site\/wp-json\/wp\/v2\/posts\/3885\/revisions"}],"predecessor-version":[{"id":3887,"href":"https:\/\/www.fenafim.org.br\/site\/wp-json\/wp\/v2\/posts\/3885\/revisions\/3887"}],"wp:featuredmedia":[{"embeddable":true,"href":"https:\/\/www.fenafim.org.br\/site\/wp-json\/wp\/v2\/media\/3886"}],"wp:attachment":[{"href":"https:\/\/www.fenafim.org.br\/site\/wp-json\/wp\/v2\/media?parent=3885"}],"wp:term":[{"taxonomy":"category","embeddable":true,"href":"https:\/\/www.fenafim.org.br\/site\/wp-json\/wp\/v2\/categories?post=3885"},{"taxonomy":"post_tag","embeddable":true,"href":"https:\/\/www.fenafim.org.br\/site\/wp-json\/wp\/v2\/tags?post=3885"}],"curies":[{"name":"wp","href":"https:\/\/api.w.org\/{rel}","templated":true}]}}