{"id":3882,"date":"2024-03-07T15:35:48","date_gmt":"2024-03-07T18:35:48","guid":{"rendered":"https:\/\/www.fenafim.org.br\/site\/?p=3882"},"modified":"2024-03-07T15:35:49","modified_gmt":"2024-03-07T18:35:49","slug":"apos-atuacao-da-fenafim-que-garantiu-a-reintegracao-do-fisco-de-taquaritinga-sp-justica-determina-afastamento-de-prefeito-e-secretario-do-municipio","status":"publish","type":"post","link":"https:\/\/www.fenafim.org.br\/site\/2024\/03\/07\/apos-atuacao-da-fenafim-que-garantiu-a-reintegracao-do-fisco-de-taquaritinga-sp-justica-determina-afastamento-de-prefeito-e-secretario-do-municipio\/","title":{"rendered":"Apos atua\u00e7\u00e3o da Fenafim que garantiu a reintegra\u00e7\u00e3o do fisco de Taquaritinga (SP), Justi\u00e7a determina afastamento de Prefeito e Secret\u00e1rio do munic\u00edpio"},"content":{"rendered":"\n<p>No dia 23 de fevereiro, o Tribunal de Justi\u00e7a do Estado de S\u00e3o Paulo determinou o afastamento do Prefeito de Taquaritinga, Vanderlei Jos\u00e9 M\u00e1rsico, e do Secret\u00e1rio Municipal da Fazenda, Carlos Fernando Montanholi. <\/p>\n\n\n\n<p>A medida, que tem validade inicial de 90 dias, mas que pode ser prorrogada, foi tomada em resposta a uma a\u00e7\u00e3o civil de improbidade administrativa movida pelo Minist\u00e9rio P\u00fablico do Estado de S\u00e3o Paulo.<\/p>\n\n\n\n<p>O processo tem como base a alega\u00e7\u00e3o de irregularidades na gest\u00e3o municipal, apontando para atos de improbidade administrativa relacionados ao descumprimento da Lei de Responsabilidade Fiscal, al\u00e9m de atrasos nos pagamentos de precat\u00f3rios, contas de \u00e1gua e encargos sociais.<\/p>\n\n\n\n<p>Acompanhando a situa\u00e7\u00e3o do munic\u00edpio em rela\u00e7\u00e3o ao fisco, a Fenafim atuou desde dezembro em rela\u00e7\u00e3o a privatiza\u00e7\u00e3o das fun\u00e7\u00f5es legais do fisco e t\u00edpicas do Estado. A administra\u00e7\u00e3o local pretendia passar essas atividades para uma empresa privada e a federa\u00e7\u00e3o apresentou fundamentos jur\u00eddicos para a propositura do Mandado de Seguran\u00e7a que culminou com a concess\u00e3o da Medida Liminar. Ela determinava a recondu\u00e7\u00e3o imediata dos servidores ao quadro do fisco municipal. <\/p>\n\n\n\n<p>A Entidade segue acompanhando o cen\u00e1rio em prol da administra\u00e7\u00e3o tribut\u00e1ria e do fisco.<\/p>\n","protected":false},"excerpt":{"rendered":"<p>No dia 23 de fevereiro, o Tribunal de Justi\u00e7a do Estado de S\u00e3o Paulo determinou o afastamento do Prefeito de Taquaritinga, Vanderlei Jos\u00e9 M\u00e1rsico, e do Secret\u00e1rio Municipal da Fazenda, &#8230;<\/p>\n","protected":false},"author":4,"featured_media":3883,"comment_status":"closed","ping_status":"open","sticky":false,"template":"","format":"standard","meta":{"_jetpack_memberships_contains_paid_content":false,"footnotes":""},"categories":[150],"tags":[],"jetpack_sharing_enabled":true,"jetpack_featured_media_url":"https:\/\/www.fenafim.org.br\/site\/wp-content\/uploads\/2024\/03\/Taquaritinga.jpg","_links":{"self":[{"href":"https:\/\/www.fenafim.org.br\/site\/wp-json\/wp\/v2\/posts\/3882"}],"collection":[{"href":"https:\/\/www.fenafim.org.br\/site\/wp-json\/wp\/v2\/posts"}],"about":[{"href":"https:\/\/www.fenafim.org.br\/site\/wp-json\/wp\/v2\/types\/post"}],"author":[{"embeddable":true,"href":"https:\/\/www.fenafim.org.br\/site\/wp-json\/wp\/v2\/users\/4"}],"replies":[{"embeddable":true,"href":"https:\/\/www.fenafim.org.br\/site\/wp-json\/wp\/v2\/comments?post=3882"}],"version-history":[{"count":1,"href":"https:\/\/www.fenafim.org.br\/site\/wp-json\/wp\/v2\/posts\/3882\/revisions"}],"predecessor-version":[{"id":3884,"href":"https:\/\/www.fenafim.org.br\/site\/wp-json\/wp\/v2\/posts\/3882\/revisions\/3884"}],"wp:featuredmedia":[{"embeddable":true,"href":"https:\/\/www.fenafim.org.br\/site\/wp-json\/wp\/v2\/media\/3883"}],"wp:attachment":[{"href":"https:\/\/www.fenafim.org.br\/site\/wp-json\/wp\/v2\/media?parent=3882"}],"wp:term":[{"taxonomy":"category","embeddable":true,"href":"https:\/\/www.fenafim.org.br\/site\/wp-json\/wp\/v2\/categories?post=3882"},{"taxonomy":"post_tag","embeddable":true,"href":"https:\/\/www.fenafim.org.br\/site\/wp-json\/wp\/v2\/tags?post=3882"}],"curies":[{"name":"wp","href":"https:\/\/api.w.org\/{rel}","templated":true}]}}