{"id":3873,"date":"2024-03-06T21:20:05","date_gmt":"2024-03-07T00:20:05","guid":{"rendered":"https:\/\/www.fenafim.org.br\/site\/?p=3873"},"modified":"2024-03-06T21:20:06","modified_gmt":"2024-03-07T00:20:06","slug":"fenafim-e-sinafims-colaboram-nas-solucoes-normativas-e-administrativas-para-o-fisco-de-nossa-senhora-do-socorro-se","status":"publish","type":"post","link":"https:\/\/www.fenafim.org.br\/site\/2024\/03\/06\/fenafim-e-sinafims-colaboram-nas-solucoes-normativas-e-administrativas-para-o-fisco-de-nossa-senhora-do-socorro-se\/","title":{"rendered":"Fenafim e Sinafims colaboram nas solu\u00e7\u00f5es normativas e administrativas para o Fisco de Nossa Senhora do Socorro (SE)"},"content":{"rendered":"\n<p>Na noite dessa ter\u00e7a-feira (05\/03), o membro do Conselho Fiscal da Fenafim e Presidente do Sinafims, Lamarcks Pereira, e o Diretor Jur\u00eddico da Fenafim, Carlos Cardoso, reuniram-se com os integrantes do Fisco de Nossa Senhora do Socorro (SE) e seus advogados. O objetivo foi tratar das solu\u00e7\u00f5es normativas e administrativas que precisam ser implementadas no munic\u00edpio sergipano, em garantia do funcionamento da administra\u00e7\u00e3o tribut\u00e1ria e da manuten\u00e7\u00e3o da arrecada\u00e7\u00e3o imprescind\u00edvel ao custeio de todos os servi\u00e7os p\u00fablicos essenciais \u00e0 popula\u00e7\u00e3o.<br>\nLamarcks e Cardoso, ap\u00f3s as defini\u00e7\u00f5es das solu\u00e7\u00f5es, colocaram-se \u00e0 disposi\u00e7\u00e3o para seguirem colaborando, mesmo acreditando que a Administra\u00e7\u00e3o do Munic\u00edpio n\u00e3o demorar\u00e1 em resolver as dificuldades relativas aos cargos do Fisco. Isso porque a hora \u00e9 ainda mais urgente para se cuidar da tributa\u00e7\u00e3o, tendo em vista os desafios trazidos pela nova sistem\u00e1tica tribut\u00e1ria sobre o consumo (IBS) aprovada pela EC 132\/2023 (Reforma Tribut\u00e1ria).<\/p>\n","protected":false},"excerpt":{"rendered":"<p>Na noite dessa ter\u00e7a-feira (05\/03), o membro do Conselho Fiscal da Fenafim e Presidente do Sinafims, Lamarcks Pereira, e o Diretor Jur\u00eddico da Fenafim, Carlos Cardoso, reuniram-se com os integrantes &#8230;<\/p>\n","protected":false},"author":4,"featured_media":3874,"comment_status":"closed","ping_status":"open","sticky":false,"template":"","format":"standard","meta":{"_jetpack_memberships_contains_paid_content":false,"footnotes":""},"categories":[150],"tags":[],"jetpack_sharing_enabled":true,"jetpack_featured_media_url":"https:\/\/www.fenafim.org.br\/site\/wp-content\/uploads\/2024\/03\/Sinafins1.jpg","_links":{"self":[{"href":"https:\/\/www.fenafim.org.br\/site\/wp-json\/wp\/v2\/posts\/3873"}],"collection":[{"href":"https:\/\/www.fenafim.org.br\/site\/wp-json\/wp\/v2\/posts"}],"about":[{"href":"https:\/\/www.fenafim.org.br\/site\/wp-json\/wp\/v2\/types\/post"}],"author":[{"embeddable":true,"href":"https:\/\/www.fenafim.org.br\/site\/wp-json\/wp\/v2\/users\/4"}],"replies":[{"embeddable":true,"href":"https:\/\/www.fenafim.org.br\/site\/wp-json\/wp\/v2\/comments?post=3873"}],"version-history":[{"count":1,"href":"https:\/\/www.fenafim.org.br\/site\/wp-json\/wp\/v2\/posts\/3873\/revisions"}],"predecessor-version":[{"id":3875,"href":"https:\/\/www.fenafim.org.br\/site\/wp-json\/wp\/v2\/posts\/3873\/revisions\/3875"}],"wp:featuredmedia":[{"embeddable":true,"href":"https:\/\/www.fenafim.org.br\/site\/wp-json\/wp\/v2\/media\/3874"}],"wp:attachment":[{"href":"https:\/\/www.fenafim.org.br\/site\/wp-json\/wp\/v2\/media?parent=3873"}],"wp:term":[{"taxonomy":"category","embeddable":true,"href":"https:\/\/www.fenafim.org.br\/site\/wp-json\/wp\/v2\/categories?post=3873"},{"taxonomy":"post_tag","embeddable":true,"href":"https:\/\/www.fenafim.org.br\/site\/wp-json\/wp\/v2\/tags?post=3873"}],"curies":[{"name":"wp","href":"https:\/\/api.w.org\/{rel}","templated":true}]}}