{"id":3870,"date":"2024-03-06T21:02:49","date_gmt":"2024-03-07T00:02:49","guid":{"rendered":"https:\/\/www.fenafim.org.br\/site\/?p=3870"},"modified":"2024-03-07T12:58:47","modified_gmt":"2024-03-07T15:58:47","slug":"a-parceria-da-fenafim-com-a-faculdade-brasileira-de-tributacao-oferece-bolsas-no-curso-administracao-tributaria-e-seu-papel-central-e-estrategico","status":"publish","type":"post","link":"https:\/\/www.fenafim.org.br\/site\/2024\/03\/06\/a-parceria-da-fenafim-com-a-faculdade-brasileira-de-tributacao-oferece-bolsas-no-curso-administracao-tributaria-e-seu-papel-central-e-estrategico\/","title":{"rendered":"A parceria da Fenafim com a Faculdade Brasileira de Tributa\u00e7\u00e3o oferece bolsas no curso &#8220;Administra\u00e7\u00e3o Tribut\u00e1ria e seu papel central e estrat\u00e9gico\u201d."},"content":{"rendered":"\n<p>A 1\u00aa aula do prof. Carlos Cardoso, Diretor Jur\u00eddico da Fenafim,ser\u00e1 nesta quinta-feira (07\/03), das 19h \u00e0s 22h, com o tema &#8220;A Administra\u00e7\u00e3o Tribut\u00e1ria na sustenta\u00e7\u00e3o da Rep\u00fablica Federativa e na efetiva\u00e7\u00e3o do Estado Democr\u00e1tico de Direito: responsabilidade fiscal, controle institucional, participa\u00e7\u00e3o social e justi\u00e7a tribut\u00e1ria.&#8221;<\/p>\n\n\n\n<p>O acesso \u00e0s tr\u00eas aulas \u00e9 gratuito para os filiados \u00e0 Fenafim.<\/p>\n\n\n\n<p>Link de acesso: <a href=\"https:\/\/minha.fbtedu.com.br\">https:\/\/minha.fbtedu.com.br<\/a><\/p>\n","protected":false},"excerpt":{"rendered":"<p>A 1\u00aa aula do prof. Carlos Cardoso, Diretor Jur\u00eddico da Fenafim,ser\u00e1 nesta quinta-feira (07\/03), das 19h \u00e0s 22h, com o tema &#8220;A Administra\u00e7\u00e3o Tribut\u00e1ria na sustenta\u00e7\u00e3o da Rep\u00fablica Federativa e &#8230;<\/p>\n","protected":false},"author":4,"featured_media":3871,"comment_status":"closed","ping_status":"open","sticky":false,"template":"","format":"standard","meta":{"_jetpack_memberships_contains_paid_content":false,"footnotes":""},"categories":[1],"tags":[],"jetpack_sharing_enabled":true,"jetpack_featured_media_url":"https:\/\/www.fenafim.org.br\/site\/wp-content\/uploads\/2024\/03\/curso-seu-carlos.jpg","_links":{"self":[{"href":"https:\/\/www.fenafim.org.br\/site\/wp-json\/wp\/v2\/posts\/3870"}],"collection":[{"href":"https:\/\/www.fenafim.org.br\/site\/wp-json\/wp\/v2\/posts"}],"about":[{"href":"https:\/\/www.fenafim.org.br\/site\/wp-json\/wp\/v2\/types\/post"}],"author":[{"embeddable":true,"href":"https:\/\/www.fenafim.org.br\/site\/wp-json\/wp\/v2\/users\/4"}],"replies":[{"embeddable":true,"href":"https:\/\/www.fenafim.org.br\/site\/wp-json\/wp\/v2\/comments?post=3870"}],"version-history":[{"count":2,"href":"https:\/\/www.fenafim.org.br\/site\/wp-json\/wp\/v2\/posts\/3870\/revisions"}],"predecessor-version":[{"id":3881,"href":"https:\/\/www.fenafim.org.br\/site\/wp-json\/wp\/v2\/posts\/3870\/revisions\/3881"}],"wp:featuredmedia":[{"embeddable":true,"href":"https:\/\/www.fenafim.org.br\/site\/wp-json\/wp\/v2\/media\/3871"}],"wp:attachment":[{"href":"https:\/\/www.fenafim.org.br\/site\/wp-json\/wp\/v2\/media?parent=3870"}],"wp:term":[{"taxonomy":"category","embeddable":true,"href":"https:\/\/www.fenafim.org.br\/site\/wp-json\/wp\/v2\/categories?post=3870"},{"taxonomy":"post_tag","embeddable":true,"href":"https:\/\/www.fenafim.org.br\/site\/wp-json\/wp\/v2\/tags?post=3870"}],"curies":[{"name":"wp","href":"https:\/\/api.w.org\/{rel}","templated":true}]}}