{"id":3865,"date":"2024-03-06T12:55:23","date_gmt":"2024-03-06T15:55:23","guid":{"rendered":"https:\/\/www.fenafim.org.br\/site\/?p=3865"},"modified":"2024-03-06T12:55:23","modified_gmt":"2024-03-06T15:55:23","slug":"fenafim-apoia-o-fisco-de-unai-mg-e-trata-equivoco-normativo-que-gerou-cargos-com-mesmas-atribuicoes-especificas-tipicas-da-administracao-tributaria","status":"publish","type":"post","link":"https:\/\/www.fenafim.org.br\/site\/2024\/03\/06\/fenafim-apoia-o-fisco-de-unai-mg-e-trata-equivoco-normativo-que-gerou-cargos-com-mesmas-atribuicoes-especificas-tipicas-da-administracao-tributaria\/","title":{"rendered":"Fenafim apoia o Fisco de Una\u00ed (MG) e trata equ\u00edvoco normativo que gerou cargos com mesmas atribui\u00e7\u00f5es espec\u00edficas t\u00edpicas da administra\u00e7\u00e3o tribut\u00e1ria"},"content":{"rendered":"\n<p>No final da tarde desta ter\u00e7a-feira (05\/03), a Diretoria Jur\u00eddica e de Defesa Funcional da Fenafim tratou, com representante do Fisco de Una\u00ed (MG), Daison Menezes, sobre a forma de resolver o problema criado a partir da publica\u00e7\u00e3o de lei que criou novo cargo com mesmas atribui\u00e7\u00f5es t\u00edpicas da administra\u00e7\u00e3o tribut\u00e1ria j\u00e1 existente no munic\u00edpio.<\/p>\n\n\n\n<p>&#8220;Acreditamos na solu\u00e7\u00e3o, pois j\u00e1 participamos de muitos casos similares a este. Quando explicados os detalhes e entendidas as dificuldades, a Administra\u00e7\u00e3o local ser\u00e1 a primeira a se empenhar em resolver essa duplicidade de cargos que pode atrapalhar nos trabalhos, na seguran\u00e7a jur\u00eddica e na arrecada\u00e7\u00e3o. Principalmente agora diante dos preparativos para a implementa\u00e7\u00e3o do IBS&#8221;, explicou o diretor Carlos Cardoso.<\/p>\n","protected":false},"excerpt":{"rendered":"<p>No final da tarde desta ter\u00e7a-feira (05\/03), a Diretoria Jur\u00eddica e de Defesa Funcional da Fenafim tratou, com representante do Fisco de Una\u00ed (MG), Daison Menezes, sobre a forma de &#8230;<\/p>\n","protected":false},"author":4,"featured_media":3866,"comment_status":"closed","ping_status":"open","sticky":false,"template":"","format":"standard","meta":{"_jetpack_memberships_contains_paid_content":false,"footnotes":""},"categories":[150],"tags":[],"jetpack_sharing_enabled":true,"jetpack_featured_media_url":"https:\/\/www.fenafim.org.br\/site\/wp-content\/uploads\/2024\/03\/daison1.jpg","_links":{"self":[{"href":"https:\/\/www.fenafim.org.br\/site\/wp-json\/wp\/v2\/posts\/3865"}],"collection":[{"href":"https:\/\/www.fenafim.org.br\/site\/wp-json\/wp\/v2\/posts"}],"about":[{"href":"https:\/\/www.fenafim.org.br\/site\/wp-json\/wp\/v2\/types\/post"}],"author":[{"embeddable":true,"href":"https:\/\/www.fenafim.org.br\/site\/wp-json\/wp\/v2\/users\/4"}],"replies":[{"embeddable":true,"href":"https:\/\/www.fenafim.org.br\/site\/wp-json\/wp\/v2\/comments?post=3865"}],"version-history":[{"count":1,"href":"https:\/\/www.fenafim.org.br\/site\/wp-json\/wp\/v2\/posts\/3865\/revisions"}],"predecessor-version":[{"id":3867,"href":"https:\/\/www.fenafim.org.br\/site\/wp-json\/wp\/v2\/posts\/3865\/revisions\/3867"}],"wp:featuredmedia":[{"embeddable":true,"href":"https:\/\/www.fenafim.org.br\/site\/wp-json\/wp\/v2\/media\/3866"}],"wp:attachment":[{"href":"https:\/\/www.fenafim.org.br\/site\/wp-json\/wp\/v2\/media?parent=3865"}],"wp:term":[{"taxonomy":"category","embeddable":true,"href":"https:\/\/www.fenafim.org.br\/site\/wp-json\/wp\/v2\/categories?post=3865"},{"taxonomy":"post_tag","embeddable":true,"href":"https:\/\/www.fenafim.org.br\/site\/wp-json\/wp\/v2\/tags?post=3865"}],"curies":[{"name":"wp","href":"https:\/\/api.w.org\/{rel}","templated":true}]}}