{"id":3858,"date":"2024-03-04T11:58:19","date_gmt":"2024-03-04T14:58:19","guid":{"rendered":"https:\/\/www.fenafim.org.br\/site\/?p=3858"},"modified":"2024-03-04T11:58:20","modified_gmt":"2024-03-04T14:58:20","slug":"sinfam-rn-acerta-importante-parceria-com-o-ministerio-publico-visando-melhorias-no-presente-e-seguranca-na-transicao-e-efetivacao-do-ibs","status":"publish","type":"post","link":"https:\/\/www.fenafim.org.br\/site\/2024\/03\/04\/sinfam-rn-acerta-importante-parceria-com-o-ministerio-publico-visando-melhorias-no-presente-e-seguranca-na-transicao-e-efetivacao-do-ibs\/","title":{"rendered":"SINFAM (RN) acerta importante parceria com o Minist\u00e9rio P\u00fablico visando melhorias no presente e seguran\u00e7a na transi\u00e7\u00e3o e efetiva\u00e7\u00e3o do IBS"},"content":{"rendered":"\n<p>O Sindicato dos Membros dos Fiscos Municipais do Rio Grande do Norte (SINFAM &#8211; RN) est\u00e1 firmando parceria institucional com o MPRN, a fim de melhor estruturar as administra\u00e7\u00f5es tribut\u00e1rias e colaborar nos treinamentos dos servidores. Tamb\u00e9m incluem essas atividades conjuntas a elabora\u00e7\u00e3o de kit de minutas de propostas normativas que garantam bom funcionamento, moderniza\u00e7\u00e3o e autonomia dos Fiscos, para que atuem ainda mais eficientes no combate \u00e0 sonega\u00e7\u00e3o e na garantia da arrecada\u00e7\u00e3o que financia os servi\u00e7os p\u00fablicos.   <\/p>\n\n\n\n<p>A reuni\u00e3o, do dia 27\/02, que selou o in\u00edcio da parceria, contou com a participa\u00e7\u00e3o das promotoras respons\u00e1veis pelas Coordenadorias do CAOP &#8211; Patrim\u00f4nio P\u00fablico, Beatriz Azevedo de Oliveira, e pelo Laborat\u00f3rio de Or\u00e7amento e Pol\u00edticas P\u00fablicas (LOPP), Isabelita Garcia Gomes Neto Rosas, al\u00e9m da presidenta do sindicato, Suzane Roessler.<\/p>\n\n\n\n<p>Na ocasi\u00e3o, o sindicato esclareceu que, para o atual cen\u00e1rio das administra\u00e7\u00f5es tribut\u00e1rias municipais, \u00e9 necess\u00e1rio que a capacita\u00e7\u00e3o a ser viabilizada com o apoio do MPRN forne\u00e7a condi\u00e7\u00f5es basilares para que o membro do fisco possa desempenhar suas atribui\u00e7\u00f5es legais diante de quaisquer fiscaliza\u00e7\u00f5es e lan\u00e7amentos tribut\u00e1rios. O sindicato potiguar tamb\u00e9m registrou que bons sistemas de inform\u00e1tica no tratamento dos dados fiscais s\u00e3o necess\u00e1rios para melhores resultados nas atividades da fiscaliza\u00e7\u00e3o tribut\u00e1ria.<\/p>\n\n\n\n<p>&#8220;A proposta do MPRN \u00e9 atuar para estruturar as administra\u00e7\u00f5es tribut\u00e1rias municipais em parceria com o SINFAM &#8211; RN, para que o programa &#8220;ARRECADAR MAIS&#8221; alcance o objetivo de garantir receitas pr\u00f3prias e justi\u00e7a fiscal em proveito da popula\u00e7\u00e3o\u201d, explicou Suzane. <\/p>\n\n\n\n<p>&#8220;Essa parceria \u00e9 crucial e vem no momento muito oportuno, porque a Reforma Tribut\u00e1ria j\u00e1 come\u00e7ou e o que se faz agora j\u00e1 tem efeito no presente, no per\u00edodo de transi\u00e7\u00e3o e no futuro.&#8221; completou a presidenta.<\/p>\n","protected":false},"excerpt":{"rendered":"<p>O Sindicato dos Membros dos Fiscos Municipais do Rio Grande do Norte (SINFAM &#8211; RN) est\u00e1 firmando parceria institucional com o MPRN, a fim de melhor estruturar as administra\u00e7\u00f5es tribut\u00e1rias &#8230;<\/p>\n","protected":false},"author":4,"featured_media":3859,"comment_status":"closed","ping_status":"open","sticky":false,"template":"","format":"standard","meta":{"_jetpack_memberships_contains_paid_content":false,"footnotes":""},"categories":[28],"tags":[],"jetpack_sharing_enabled":true,"jetpack_featured_media_url":"https:\/\/www.fenafim.org.br\/site\/wp-content\/uploads\/2024\/03\/rn1.jpg","_links":{"self":[{"href":"https:\/\/www.fenafim.org.br\/site\/wp-json\/wp\/v2\/posts\/3858"}],"collection":[{"href":"https:\/\/www.fenafim.org.br\/site\/wp-json\/wp\/v2\/posts"}],"about":[{"href":"https:\/\/www.fenafim.org.br\/site\/wp-json\/wp\/v2\/types\/post"}],"author":[{"embeddable":true,"href":"https:\/\/www.fenafim.org.br\/site\/wp-json\/wp\/v2\/users\/4"}],"replies":[{"embeddable":true,"href":"https:\/\/www.fenafim.org.br\/site\/wp-json\/wp\/v2\/comments?post=3858"}],"version-history":[{"count":1,"href":"https:\/\/www.fenafim.org.br\/site\/wp-json\/wp\/v2\/posts\/3858\/revisions"}],"predecessor-version":[{"id":3860,"href":"https:\/\/www.fenafim.org.br\/site\/wp-json\/wp\/v2\/posts\/3858\/revisions\/3860"}],"wp:featuredmedia":[{"embeddable":true,"href":"https:\/\/www.fenafim.org.br\/site\/wp-json\/wp\/v2\/media\/3859"}],"wp:attachment":[{"href":"https:\/\/www.fenafim.org.br\/site\/wp-json\/wp\/v2\/media?parent=3858"}],"wp:term":[{"taxonomy":"category","embeddable":true,"href":"https:\/\/www.fenafim.org.br\/site\/wp-json\/wp\/v2\/categories?post=3858"},{"taxonomy":"post_tag","embeddable":true,"href":"https:\/\/www.fenafim.org.br\/site\/wp-json\/wp\/v2\/tags?post=3858"}],"curies":[{"name":"wp","href":"https:\/\/api.w.org\/{rel}","templated":true}]}}