{"id":3854,"date":"2024-03-01T08:37:16","date_gmt":"2024-03-01T11:37:16","guid":{"rendered":"https:\/\/www.fenafim.org.br\/site\/?p=3854"},"modified":"2024-03-01T08:37:17","modified_gmt":"2024-03-01T11:37:17","slug":"fenafim-e-afimerj-atuam-no-apoio-ao-fisco-de-volta-redonda-rj-e-discutem-atuacao-juridica-para-o-restabelecimento-da-justa-garantia-remuneratoria","status":"publish","type":"post","link":"https:\/\/www.fenafim.org.br\/site\/2024\/03\/01\/fenafim-e-afimerj-atuam-no-apoio-ao-fisco-de-volta-redonda-rj-e-discutem-atuacao-juridica-para-o-restabelecimento-da-justa-garantia-remuneratoria\/","title":{"rendered":"Fenafim e Afimerj atuam no apoio ao Fisco de Volta Redonda (RJ) e discutem atua\u00e7\u00e3o jur\u00eddica para o restabelecimento da justa garantia remunerat\u00f3ria"},"content":{"rendered":"\n<p>No final da tarde da quinta-feira (29\/02), o Diretor Jur\u00eddico e de Defesa Funcional da Fenafim, Carlos Cardoso, e o Presidente da A Associa\u00e7\u00e3o dos Auditores e Fiscais Tribut\u00e1rios Municipais do Estado do Rio de Janeiro (Afimerj), Claudio Vieira, reuniram-se com o integrante do Fisco de Volta Redonda (RJ), Augusto Carvalho. O objetivo do encontro virtual foi tratar sobre o direito \u00e0 percep\u00e7\u00e3o de parcela remunerat\u00f3ria que \u00e9 t\u00edpica dos quadros das administra\u00e7\u00f5es tribut\u00e1rias em todo o territ\u00f3rio nacional, inclusive quanto aos proventos de aposentadoria.<br>\n&#8220;Acreditamos no Poder Judici\u00e1rio que j\u00e1 vem decidindo pelo justo direito ao recebimento das parcelas remunerat\u00f3rias t\u00edpicas \u00e0 miss\u00e3o dos Fiscos, por constitu\u00edrem eficientes instrumentos de incentivo ao incremento da arrecada\u00e7\u00e3o, que \u00e9 imprescind\u00edvel \u00e0 garantia de todos os servi\u00e7os e pol\u00edticas p\u00fablicas essenciais \u00e0 sociedade\u201d, disse o Diretor da Fenafim.<\/p>\n\n\n\n<p>&#8220;\u00c9 nesse sentido que v\u00eam decidindo ju\u00edzes e tribunais estaduais e superiores (incluindo o STF). Essa garantia \u00e9 asseverada tamb\u00e9m, com claridade solar, pelo pr\u00f3prio texto constitucional introduzido pela EC n\u00ba 103 (Reforma da Previd\u00eancia)&#8221;, completou Cardoso, ao parabenizar a atua\u00e7\u00e3o diligente e atenta da Afimerj.<\/p>\n","protected":false},"excerpt":{"rendered":"<p>No final da tarde da quinta-feira (29\/02), o Diretor Jur\u00eddico e de Defesa Funcional da Fenafim, Carlos Cardoso, e o Presidente da A Associa\u00e7\u00e3o dos Auditores e Fiscais Tribut\u00e1rios Municipais &#8230;<\/p>\n","protected":false},"author":4,"featured_media":3855,"comment_status":"closed","ping_status":"open","sticky":false,"template":"","format":"standard","meta":{"_jetpack_memberships_contains_paid_content":false,"footnotes":""},"categories":[150],"tags":[],"jetpack_sharing_enabled":true,"jetpack_featured_media_url":"https:\/\/www.fenafim.org.br\/site\/wp-content\/uploads\/2024\/03\/fenafim_afimerj.jpg","_links":{"self":[{"href":"https:\/\/www.fenafim.org.br\/site\/wp-json\/wp\/v2\/posts\/3854"}],"collection":[{"href":"https:\/\/www.fenafim.org.br\/site\/wp-json\/wp\/v2\/posts"}],"about":[{"href":"https:\/\/www.fenafim.org.br\/site\/wp-json\/wp\/v2\/types\/post"}],"author":[{"embeddable":true,"href":"https:\/\/www.fenafim.org.br\/site\/wp-json\/wp\/v2\/users\/4"}],"replies":[{"embeddable":true,"href":"https:\/\/www.fenafim.org.br\/site\/wp-json\/wp\/v2\/comments?post=3854"}],"version-history":[{"count":1,"href":"https:\/\/www.fenafim.org.br\/site\/wp-json\/wp\/v2\/posts\/3854\/revisions"}],"predecessor-version":[{"id":3856,"href":"https:\/\/www.fenafim.org.br\/site\/wp-json\/wp\/v2\/posts\/3854\/revisions\/3856"}],"wp:featuredmedia":[{"embeddable":true,"href":"https:\/\/www.fenafim.org.br\/site\/wp-json\/wp\/v2\/media\/3855"}],"wp:attachment":[{"href":"https:\/\/www.fenafim.org.br\/site\/wp-json\/wp\/v2\/media?parent=3854"}],"wp:term":[{"taxonomy":"category","embeddable":true,"href":"https:\/\/www.fenafim.org.br\/site\/wp-json\/wp\/v2\/categories?post=3854"},{"taxonomy":"post_tag","embeddable":true,"href":"https:\/\/www.fenafim.org.br\/site\/wp-json\/wp\/v2\/tags?post=3854"}],"curies":[{"name":"wp","href":"https:\/\/api.w.org\/{rel}","templated":true}]}}