{"id":3851,"date":"2024-02-28T19:33:16","date_gmt":"2024-02-28T22:33:16","guid":{"rendered":"https:\/\/www.fenafim.org.br\/site\/?p=3851"},"modified":"2024-02-28T19:39:31","modified_gmt":"2024-02-28T22:39:31","slug":"fenafim-realiza-live-com-distribuicao-de-vagas-gratuitas-em-curso-na-fbt-e-trata-sobre-medidas-para-o-melhor-funcionamento-dos-fiscos","status":"publish","type":"post","link":"https:\/\/www.fenafim.org.br\/site\/2024\/02\/28\/fenafim-realiza-live-com-distribuicao-de-vagas-gratuitas-em-curso-na-fbt-e-trata-sobre-medidas-para-o-melhor-funcionamento-dos-fiscos\/","title":{"rendered":"Fenafim realiza live com distribui\u00e7\u00e3o de vagas gratuitas em curso na FBT e trata sobre medidas para o melhor funcionamento dos fiscos"},"content":{"rendered":"\n<p>Na quarta-feira (27\/02), o Presidente da Fenafim, F\u00e1bio Macedo, o Diretor de Forma\u00e7\u00e3o Profissional, Mendes Sales, o Diretor Jur\u00eddico, Carlos Cardoso, e a Assessora Especial, Jane Castelo, trataram de temas do interesse da arrecada\u00e7\u00e3o municipal e do funcionamento dos fiscos, na live \u201cA Reforma Tribut\u00e1ria j\u00e1 come\u00e7ou\u201d, dispon\u00edvel no youtube (<a href=\"https:\/\/www.youtube.com\/watch?v=pWpmNpr8B_Y&amp;t=753s\" target=\"_blank\" rel=\"noreferrer noopener\" aria-label=\"https:\/\/www.youtube.com\/watch?v=pWpmNpr8B_Y&amp;t=753s (abre numa nova aba)\">https:\/\/www.youtube.com\/watch?v=pWpmNpr8B_Y&amp;t=753s<\/a>). <\/p>\n\n\n\n<p>A live contou com a oferta de bolsas de 100% no curso de extens\u00e3o EAD de Administra\u00e7\u00e3o Tribut\u00e1ria e seu Papel Central e Estrat\u00e9gico, franqueadas pelo Diretor da Faculdade Brasileira de Tributa\u00e7\u00e3o (FBT), Professor Luiz Alberto Pereira Filho. As bolsas s\u00e3o destinadas a todos os servidores dos fiscos municipais filiados a entidades que integram a Fenafim.<\/p>\n\n\n\n<p>A FBT \u00e9 parceira da Fenafim e, entendendo o momento que exige novos conhecimentos para os quadros tribut\u00e1rios, est\u00e1 ofertando curso gratuitamente, cuja inscri\u00e7\u00e3o \u00e9 realizada no link: <a href=\"https:\/\/www.fbtedu.com.br\/cursos\/a-administracao-tributaria-e-seu-papel-central-e-estrategico\/.\" target=\"_blank\" rel=\"noreferrer noopener\" aria-label=\"https:\/\/www.fbtedu.com.br\/cursos\/a-administracao-tributaria-e-seu-papel-central-e-estrategico\/. (abre numa nova aba)\">https:\/\/www.fbtedu.com.br\/cursos\/a-administracao-tributaria-e-seu-papel-central-e-estrategico\/.<\/a><\/p>\n","protected":false},"excerpt":{"rendered":"<p>Na quarta-feira (27\/02), o Presidente da Fenafim, F\u00e1bio Macedo, o Diretor de Forma\u00e7\u00e3o Profissional, Mendes Sales, o Diretor Jur\u00eddico, Carlos Cardoso, e a Assessora Especial, Jane Castelo, trataram de temas &#8230;<\/p>\n","protected":false},"author":4,"featured_media":3852,"comment_status":"closed","ping_status":"open","sticky":false,"template":"","format":"standard","meta":{"_jetpack_memberships_contains_paid_content":false,"footnotes":""},"categories":[197],"tags":[],"jetpack_sharing_enabled":true,"jetpack_featured_media_url":"https:\/\/www.fenafim.org.br\/site\/wp-content\/uploads\/2024\/02\/melhor-funcionamento.jpg","_links":{"self":[{"href":"https:\/\/www.fenafim.org.br\/site\/wp-json\/wp\/v2\/posts\/3851"}],"collection":[{"href":"https:\/\/www.fenafim.org.br\/site\/wp-json\/wp\/v2\/posts"}],"about":[{"href":"https:\/\/www.fenafim.org.br\/site\/wp-json\/wp\/v2\/types\/post"}],"author":[{"embeddable":true,"href":"https:\/\/www.fenafim.org.br\/site\/wp-json\/wp\/v2\/users\/4"}],"replies":[{"embeddable":true,"href":"https:\/\/www.fenafim.org.br\/site\/wp-json\/wp\/v2\/comments?post=3851"}],"version-history":[{"count":1,"href":"https:\/\/www.fenafim.org.br\/site\/wp-json\/wp\/v2\/posts\/3851\/revisions"}],"predecessor-version":[{"id":3853,"href":"https:\/\/www.fenafim.org.br\/site\/wp-json\/wp\/v2\/posts\/3851\/revisions\/3853"}],"wp:featuredmedia":[{"embeddable":true,"href":"https:\/\/www.fenafim.org.br\/site\/wp-json\/wp\/v2\/media\/3852"}],"wp:attachment":[{"href":"https:\/\/www.fenafim.org.br\/site\/wp-json\/wp\/v2\/media?parent=3851"}],"wp:term":[{"taxonomy":"category","embeddable":true,"href":"https:\/\/www.fenafim.org.br\/site\/wp-json\/wp\/v2\/categories?post=3851"},{"taxonomy":"post_tag","embeddable":true,"href":"https:\/\/www.fenafim.org.br\/site\/wp-json\/wp\/v2\/tags?post=3851"}],"curies":[{"name":"wp","href":"https:\/\/api.w.org\/{rel}","templated":true}]}}