{"id":3840,"date":"2024-02-21T18:35:58","date_gmt":"2024-02-21T21:35:58","guid":{"rendered":"https:\/\/www.fenafim.org.br\/site\/?p=3840"},"modified":"2024-02-21T18:35:58","modified_gmt":"2024-02-21T21:35:58","slug":"fenafim-se-reune-com-o-fisco-de-boa-vista-rr","status":"publish","type":"post","link":"https:\/\/www.fenafim.org.br\/site\/2024\/02\/21\/fenafim-se-reune-com-o-fisco-de-boa-vista-rr\/","title":{"rendered":"Fenafim se re\u00fane com o fisco de Boa Vista (RR)"},"content":{"rendered":"\n<p>O presidente da Fenafim, F\u00e1bio Macedo, se reuniu virtualmente com integrantes do fisco da capital de Roraima, Boa Vista, na quarta-feira (21\/02). Durante o encontro, ele explanou brevemente sobre os avan\u00e7os obtidos pelas administra\u00e7\u00f5es tribut\u00e1rias federal, estadual e municipal na Reforma Tribut\u00e1ria. <\/p>\n\n\n\n<p>F\u00e1bio tamb\u00e9m destacou a presen\u00e7a do fisco municipal nos debates durante a tramita\u00e7\u00e3o da PEC 45.  Foi relatado o trabalho da Federa\u00e7\u00e3o no apoio aos fiscos municipais no fortalecimento destes.<\/p>\n\n\n\n<p>No encontro, participaram representando o fisco de Boa vista, al\u00e9m do presidente do sindicato, Videlmar Teixeira Laranjeira: Adalberto Pereira da Costa; Ant\u00f4nio Reginaldo Germano da Silva; Arnaldo Cardoso Barbosa e Orismar Ara\u00fajo Mour\u00e3o.<\/p>\n","protected":false},"excerpt":{"rendered":"<p>O presidente da Fenafim, F\u00e1bio Macedo, se reuniu virtualmente com integrantes do fisco da capital de Roraima, Boa Vista, na quarta-feira (21\/02). Durante o encontro, ele explanou brevemente sobre os &#8230;<\/p>\n","protected":false},"author":4,"featured_media":3841,"comment_status":"closed","ping_status":"open","sticky":false,"template":"","format":"standard","meta":{"_jetpack_memberships_contains_paid_content":false,"footnotes":""},"categories":[1],"tags":[],"jetpack_sharing_enabled":true,"jetpack_featured_media_url":"https:\/\/www.fenafim.org.br\/site\/wp-content\/uploads\/2024\/02\/FENAFIM_BOA-VISTA.jpg","_links":{"self":[{"href":"https:\/\/www.fenafim.org.br\/site\/wp-json\/wp\/v2\/posts\/3840"}],"collection":[{"href":"https:\/\/www.fenafim.org.br\/site\/wp-json\/wp\/v2\/posts"}],"about":[{"href":"https:\/\/www.fenafim.org.br\/site\/wp-json\/wp\/v2\/types\/post"}],"author":[{"embeddable":true,"href":"https:\/\/www.fenafim.org.br\/site\/wp-json\/wp\/v2\/users\/4"}],"replies":[{"embeddable":true,"href":"https:\/\/www.fenafim.org.br\/site\/wp-json\/wp\/v2\/comments?post=3840"}],"version-history":[{"count":1,"href":"https:\/\/www.fenafim.org.br\/site\/wp-json\/wp\/v2\/posts\/3840\/revisions"}],"predecessor-version":[{"id":3842,"href":"https:\/\/www.fenafim.org.br\/site\/wp-json\/wp\/v2\/posts\/3840\/revisions\/3842"}],"wp:featuredmedia":[{"embeddable":true,"href":"https:\/\/www.fenafim.org.br\/site\/wp-json\/wp\/v2\/media\/3841"}],"wp:attachment":[{"href":"https:\/\/www.fenafim.org.br\/site\/wp-json\/wp\/v2\/media?parent=3840"}],"wp:term":[{"taxonomy":"category","embeddable":true,"href":"https:\/\/www.fenafim.org.br\/site\/wp-json\/wp\/v2\/categories?post=3840"},{"taxonomy":"post_tag","embeddable":true,"href":"https:\/\/www.fenafim.org.br\/site\/wp-json\/wp\/v2\/tags?post=3840"}],"curies":[{"name":"wp","href":"https:\/\/api.w.org\/{rel}","templated":true}]}}