{"id":3818,"date":"2024-02-19T07:58:08","date_gmt":"2024-02-19T10:58:08","guid":{"rendered":"https:\/\/www.fenafim.org.br\/site\/?p=3818"},"modified":"2024-02-19T07:58:08","modified_gmt":"2024-02-19T10:58:08","slug":"fenafim-colabora-na-estruturacao-do-recem-criado-fisco-de-aracagi-pb","status":"publish","type":"post","link":"https:\/\/www.fenafim.org.br\/site\/2024\/02\/19\/fenafim-colabora-na-estruturacao-do-recem-criado-fisco-de-aracagi-pb\/","title":{"rendered":"Fenafim colabora na estrutura\u00e7\u00e3o do rec\u00e9m-criado fisco de Ara\u00e7agi (PB)"},"content":{"rendered":"\n<p>Na noite dessa sexta-feira (16\/02), a Fenafim fez a primeira reuni\u00e3o por videoconfer\u00eancia, ap\u00f3s alguns atendimentos por telefone e troca de e-mails, com o integrante do Fisco do Munic\u00edpio de Ara\u00e7agi (PB), Lucas Oliveira. Foram tratados os primeiros passos administrativos, funcionais e legislativos que ser\u00e3o dados no caminho da devida estrutura\u00e7\u00e3o \u2014 j\u00e1 com foco da nova tributa\u00e7\u00e3o sobre o consumo (IBS) \u2014 desse novo fisco municipal paraibano. Os cargos tiveram sua cria\u00e7\u00e3o em 2021 e o concurso p\u00fablico foi realizado em 2023.<\/p>\n\n\n\n<p>&#8220;\u00c9 sempre gratificante ver o surgimento de um novo fisco municipal, poder ajudar desde a fase inicial. Mais estimulante ainda \u00e9 quando o quadro \u00e9 composto por servidores comprometidos e dispostos a fazer o melhor pela causa municipalista a partir da boa e justa arrecada\u00e7\u00e3o dos tributos. Parab\u00e9ns \u00e0 administra\u00e7\u00e3o municipal de Ara\u00e7agi que criou os cargos, realizou o concurso, nomeou os servidores e est\u00e1 estruturando uma administra\u00e7\u00e3o tribut\u00e1ria que cuidar\u00e1 da receita que servir\u00e1 para a presta\u00e7\u00e3o de mais e melhores servi\u00e7os essenciais \u00e0 popula\u00e7\u00e3o&#8221;, disse o Diretor Jur\u00eddico da Fenafim, Carlos Cardoso.<br><\/p>\n","protected":false},"excerpt":{"rendered":"<p>Na noite dessa sexta-feira (16\/02), a Fenafim fez a primeira reuni\u00e3o por videoconfer\u00eancia, ap\u00f3s alguns atendimentos por telefone e troca de e-mails, com o integrante do Fisco do Munic\u00edpio de &#8230;<\/p>\n","protected":false},"author":4,"featured_media":3819,"comment_status":"closed","ping_status":"open","sticky":false,"template":"","format":"standard","meta":{"_jetpack_memberships_contains_paid_content":false,"footnotes":""},"categories":[150],"tags":[],"jetpack_sharing_enabled":true,"jetpack_featured_media_url":"https:\/\/www.fenafim.org.br\/site\/wp-content\/uploads\/2024\/02\/ara\u00e7agi2.jpg","_links":{"self":[{"href":"https:\/\/www.fenafim.org.br\/site\/wp-json\/wp\/v2\/posts\/3818"}],"collection":[{"href":"https:\/\/www.fenafim.org.br\/site\/wp-json\/wp\/v2\/posts"}],"about":[{"href":"https:\/\/www.fenafim.org.br\/site\/wp-json\/wp\/v2\/types\/post"}],"author":[{"embeddable":true,"href":"https:\/\/www.fenafim.org.br\/site\/wp-json\/wp\/v2\/users\/4"}],"replies":[{"embeddable":true,"href":"https:\/\/www.fenafim.org.br\/site\/wp-json\/wp\/v2\/comments?post=3818"}],"version-history":[{"count":1,"href":"https:\/\/www.fenafim.org.br\/site\/wp-json\/wp\/v2\/posts\/3818\/revisions"}],"predecessor-version":[{"id":3820,"href":"https:\/\/www.fenafim.org.br\/site\/wp-json\/wp\/v2\/posts\/3818\/revisions\/3820"}],"wp:featuredmedia":[{"embeddable":true,"href":"https:\/\/www.fenafim.org.br\/site\/wp-json\/wp\/v2\/media\/3819"}],"wp:attachment":[{"href":"https:\/\/www.fenafim.org.br\/site\/wp-json\/wp\/v2\/media?parent=3818"}],"wp:term":[{"taxonomy":"category","embeddable":true,"href":"https:\/\/www.fenafim.org.br\/site\/wp-json\/wp\/v2\/categories?post=3818"},{"taxonomy":"post_tag","embeddable":true,"href":"https:\/\/www.fenafim.org.br\/site\/wp-json\/wp\/v2\/tags?post=3818"}],"curies":[{"name":"wp","href":"https:\/\/api.w.org\/{rel}","templated":true}]}}