{"id":3815,"date":"2024-02-16T12:16:47","date_gmt":"2024-02-16T15:16:47","guid":{"rendered":"https:\/\/www.fenafim.org.br\/site\/?p=3815"},"modified":"2024-02-16T12:16:47","modified_gmt":"2024-02-16T15:16:47","slug":"fenafim-trata-sobre-cuidados-e-medidas-ligados-a-reforma-tributaria-com-integrantes-do-fisco-e-da-procuradoria-do-cabo-de-santo-agostinho-pe","status":"publish","type":"post","link":"https:\/\/www.fenafim.org.br\/site\/2024\/02\/16\/fenafim-trata-sobre-cuidados-e-medidas-ligados-a-reforma-tributaria-com-integrantes-do-fisco-e-da-procuradoria-do-cabo-de-santo-agostinho-pe\/","title":{"rendered":"Fenafim trata sobre cuidados e medidas ligados \u00e0 Reforma Tribut\u00e1ria com integrantes do Fisco e da Procuradoria do Cabo de Santo Agostinho (PE)"},"content":{"rendered":"\n<p>Na noite da quinta-feira (15\/02), membros do Fisco municipal e Procuradores do Cabo de Santo Agostinho (PE) aprofundaram, com o Diretor Jur\u00eddico e de Defesa Funcional da Fenafim, Carlos Cardoso, a an\u00e1lise sobre as poss\u00edveis consequ\u00eancias nas finan\u00e7as do munic\u00edpio com a implanta\u00e7\u00e3o da nova tributa\u00e7\u00e3o sobre o consumo (novo IBS).<\/p>\n\n\n\n<p>Foram tratadas as defini\u00e7\u00f5es que vir\u00e3o com as leis complementares sobre: a) o IBS (tanto o pr\u00f3prio do Munic\u00edpio quanto o repassado pelo Estado); b) as atividades ligadas ao IBS que ser\u00e3o exercidas pelos Fiscos e pelas Procuradorias, inclusive com possibilidade de delega\u00e7\u00e3o e compartilhamento de compet\u00eancias. Tamb\u00e9m foram abordadas as medidas que, se adotadas pelo Munic\u00edpio, garantir\u00e3o arrecada\u00e7\u00e3o no presente e na fase de implanta\u00e7\u00e3o da nova sistem\u00e1tica tribut\u00e1ria sobre o consumo.  <\/p>\n\n\n\n<p>O diretor da Fenafim ficou surpreso ao saber que as dificuldades, as quais j\u00e1 poderiam ter sido resolvidas facilmente, ainda persistem e podem atrapalhar o desempenho da arrecada\u00e7\u00e3o tribut\u00e1ria municipal. Ele refor\u00e7a que s\u00e3o os tributos que garantem no presente e precisar\u00e3o garantir no futuro a presta\u00e7\u00e3o de todos os servi\u00e7os p\u00fablicos essenciais \u00e0 popula\u00e7\u00e3o. Isso envolve a educa\u00e7\u00e3o, sa\u00fade, mobilidade e limpeza urbanas, esportes, cultura, lazer, ilumina\u00e7\u00e3o p\u00fablica, coleta e destina\u00e7\u00e3o final do lixo, constru\u00e7\u00e3o e manuten\u00e7\u00e3o de obras e equipamentos p\u00fablicos como pra\u00e7as, ruas, canais e terminais de passageiros.<\/p>\n\n\n\n<p>&#8220;Estivemos no Cabo de Santo Agostinho em setembro do ano passado (2023), ocasi\u00e3o em que nos reunimos com a Secret\u00e1ria de Finan\u00e7as e Arrecada\u00e7\u00e3o e alguns vereadores. Sa\u00edmos de l\u00e1 certos de que as solu\u00e7\u00f5es administrativas e funcionais seriam adotadas, conforme compromisso da Secret\u00e1ria. Agora, o que era necess\u00e1rio passou a ser urgente, pois j\u00e1 estamos no meio do segundo m\u00eas que dever\u00e1 integrar o per\u00edodo de apura\u00e7\u00e3o da m\u00e9dia das boas arrecada\u00e7\u00f5es do ISS e do repasse do ICMS, e que servir\u00e1 para o \u00edndice com o qual o Munic\u00edpio receber\u00e1 seu IBS por longos 45 anos. Temos a certeza de que as solu\u00e7\u00f5es n\u00e3o demorar\u00e3o porque o Cabo de Santo Agostinho tem tradi\u00e7\u00e3o em qualidade e efici\u00eancia na tributa\u00e7\u00e3o, o que j\u00e1 lhe rendeu o Trof\u00e9u Caboclo que Lan\u00e7a, entregue pela Apefisco no ano de 2011, al\u00e9m de reconhecimento nacional, na mesma \u00e9poca, por boas pr\u00e1ticas na arrecada\u00e7\u00e3o, incluindo atividades de educa\u00e7\u00e3o fiscal\u201d, afirmou Cardoso.<\/p>\n","protected":false},"excerpt":{"rendered":"<p>Na noite da quinta-feira (15\/02), membros do Fisco municipal e Procuradores do Cabo de Santo Agostinho (PE) aprofundaram, com o Diretor Jur\u00eddico e de Defesa Funcional da Fenafim, Carlos Cardoso, &#8230;<\/p>\n","protected":false},"author":4,"featured_media":3816,"comment_status":"closed","ping_status":"open","sticky":false,"template":"","format":"standard","meta":{"_jetpack_memberships_contains_paid_content":false,"footnotes":""},"categories":[150],"tags":[],"jetpack_sharing_enabled":true,"jetpack_featured_media_url":"https:\/\/www.fenafim.org.br\/site\/wp-content\/uploads\/2024\/02\/CABO_DE_SANTO_AGOSTINHO.jpg","_links":{"self":[{"href":"https:\/\/www.fenafim.org.br\/site\/wp-json\/wp\/v2\/posts\/3815"}],"collection":[{"href":"https:\/\/www.fenafim.org.br\/site\/wp-json\/wp\/v2\/posts"}],"about":[{"href":"https:\/\/www.fenafim.org.br\/site\/wp-json\/wp\/v2\/types\/post"}],"author":[{"embeddable":true,"href":"https:\/\/www.fenafim.org.br\/site\/wp-json\/wp\/v2\/users\/4"}],"replies":[{"embeddable":true,"href":"https:\/\/www.fenafim.org.br\/site\/wp-json\/wp\/v2\/comments?post=3815"}],"version-history":[{"count":1,"href":"https:\/\/www.fenafim.org.br\/site\/wp-json\/wp\/v2\/posts\/3815\/revisions"}],"predecessor-version":[{"id":3817,"href":"https:\/\/www.fenafim.org.br\/site\/wp-json\/wp\/v2\/posts\/3815\/revisions\/3817"}],"wp:featuredmedia":[{"embeddable":true,"href":"https:\/\/www.fenafim.org.br\/site\/wp-json\/wp\/v2\/media\/3816"}],"wp:attachment":[{"href":"https:\/\/www.fenafim.org.br\/site\/wp-json\/wp\/v2\/media?parent=3815"}],"wp:term":[{"taxonomy":"category","embeddable":true,"href":"https:\/\/www.fenafim.org.br\/site\/wp-json\/wp\/v2\/categories?post=3815"},{"taxonomy":"post_tag","embeddable":true,"href":"https:\/\/www.fenafim.org.br\/site\/wp-json\/wp\/v2\/tags?post=3815"}],"curies":[{"name":"wp","href":"https:\/\/api.w.org\/{rel}","templated":true}]}}