{"id":3811,"date":"2024-02-10T09:41:35","date_gmt":"2024-02-10T12:41:35","guid":{"rendered":"https:\/\/www.fenafim.org.br\/site\/?p=3811"},"modified":"2024-02-10T09:41:35","modified_gmt":"2024-02-10T12:41:35","slug":"problemas-na-administracao-tributaria-de-juiz-de-fora-mg-agravam-fenafim-analisa-possibilidade-de-medidas-junto-aos-orgaos-de-controle","status":"publish","type":"post","link":"https:\/\/www.fenafim.org.br\/site\/2024\/02\/10\/problemas-na-administracao-tributaria-de-juiz-de-fora-mg-agravam-fenafim-analisa-possibilidade-de-medidas-junto-aos-orgaos-de-controle\/","title":{"rendered":"Problemas na Administra\u00e7\u00e3o Tribut\u00e1ria de Juiz de Fora (MG) agravam: Fenafim analisa possibilidade de medidas junto aos \u00f3rg\u00e3os de controle"},"content":{"rendered":"\n<p>\n\nNa noite de sexta-feira (09\/02), a Assessora Especial da Fenafim, Jane Castello, e o Diretor Jur\u00eddico da Federa\u00e7\u00e3o, Carlos Cardoso, tiveram mais uma reuni\u00e3o com integrantes do Fisco de Juiz de Fora (MG) para saber do andamento das solu\u00e7\u00f5es, j\u00e1 que a Entidade Nacional havia se colocado \u00e0 disposi\u00e7\u00e3o do munic\u00edpio para colaborar desde 2023.&nbsp;<br>Em vez de boas not\u00edcias, os representantes da Fenafim ficaram surpresos diante do agravamento da situa\u00e7\u00e3o da tributa\u00e7\u00e3o local. Agora, at\u00e9 os servidores do Fisco, segundo informa\u00e7\u00f5es, foram retirados da estrutura da administra\u00e7\u00e3o tribut\u00e1ria. E todas essas dificuldades est\u00e3o ocorrendo exatamente no momento em que os munic\u00edpios precisam cuidar de suas estruturas fazend\u00e1rias com vistas \u00e0 implanta\u00e7\u00e3o da nova tributa\u00e7\u00e3o sobre o consumo (IBS).&nbsp;<\/p>\n\n\n\n<p>&nbsp;As dificuldades administrativas, funcionais e operacionais podem afetar o funcionamento da tributa\u00e7\u00e3o, atingir o ingresso de receitas, bem como prejudicar a seguran\u00e7a jur\u00eddica com repercuss\u00f5es negativas para a Fazenda P\u00fablica e os contribuintes. Por isso, a Fenafim j\u00e1 est\u00e1 em di\u00e1logo com advogado atuante no munic\u00edpio, e medidas junto aos \u00f3rg\u00e3os de controle est\u00e3o sendo analisadas.\n\n<\/p>\n","protected":false},"excerpt":{"rendered":"<p>Na noite de sexta-feira (09\/02), a Assessora Especial da Fenafim, Jane Castello, e o Diretor Jur\u00eddico da Federa\u00e7\u00e3o, Carlos Cardoso, tiveram mais uma reuni\u00e3o com integrantes do Fisco de Juiz &#8230;<\/p>\n","protected":false},"author":4,"featured_media":3812,"comment_status":"closed","ping_status":"open","sticky":false,"template":"","format":"standard","meta":{"_jetpack_memberships_contains_paid_content":false,"footnotes":""},"categories":[150],"tags":[],"jetpack_sharing_enabled":true,"jetpack_featured_media_url":"https:\/\/www.fenafim.org.br\/site\/wp-content\/uploads\/2024\/02\/juiz-de-fora09-02.jpeg","_links":{"self":[{"href":"https:\/\/www.fenafim.org.br\/site\/wp-json\/wp\/v2\/posts\/3811"}],"collection":[{"href":"https:\/\/www.fenafim.org.br\/site\/wp-json\/wp\/v2\/posts"}],"about":[{"href":"https:\/\/www.fenafim.org.br\/site\/wp-json\/wp\/v2\/types\/post"}],"author":[{"embeddable":true,"href":"https:\/\/www.fenafim.org.br\/site\/wp-json\/wp\/v2\/users\/4"}],"replies":[{"embeddable":true,"href":"https:\/\/www.fenafim.org.br\/site\/wp-json\/wp\/v2\/comments?post=3811"}],"version-history":[{"count":1,"href":"https:\/\/www.fenafim.org.br\/site\/wp-json\/wp\/v2\/posts\/3811\/revisions"}],"predecessor-version":[{"id":3813,"href":"https:\/\/www.fenafim.org.br\/site\/wp-json\/wp\/v2\/posts\/3811\/revisions\/3813"}],"wp:featuredmedia":[{"embeddable":true,"href":"https:\/\/www.fenafim.org.br\/site\/wp-json\/wp\/v2\/media\/3812"}],"wp:attachment":[{"href":"https:\/\/www.fenafim.org.br\/site\/wp-json\/wp\/v2\/media?parent=3811"}],"wp:term":[{"taxonomy":"category","embeddable":true,"href":"https:\/\/www.fenafim.org.br\/site\/wp-json\/wp\/v2\/categories?post=3811"},{"taxonomy":"post_tag","embeddable":true,"href":"https:\/\/www.fenafim.org.br\/site\/wp-json\/wp\/v2\/tags?post=3811"}],"curies":[{"name":"wp","href":"https:\/\/api.w.org\/{rel}","templated":true}]}}