{"id":3805,"date":"2024-02-08T13:03:59","date_gmt":"2024-02-08T16:03:59","guid":{"rendered":"https:\/\/www.fenafim.org.br\/site\/?p=3805"},"modified":"2024-02-08T13:03:59","modified_gmt":"2024-02-08T16:03:59","slug":"entidade-alagoana-recem-fundada-com-o-apoio-da-fenafim-comeca-a-firmar-importantes-parcerias-institucionais","status":"publish","type":"post","link":"https:\/\/www.fenafim.org.br\/site\/2024\/02\/08\/entidade-alagoana-recem-fundada-com-o-apoio-da-fenafim-comeca-a-firmar-importantes-parcerias-institucionais\/","title":{"rendered":"Entidade alagoana rec\u00e9m-fundada com o apoio da Fenafim come\u00e7a a firmar importantes parcerias institucionais"},"content":{"rendered":"\n<p>A Alafisco (Associa\u00e7\u00e3o Alagoana dos Fiscos Municipais) cuidou, na quarta-feira (07\/02), das tratativas para a parceria institucional com o Minist\u00e9rio P\u00fablico de Contas do Estado (MPCO &#8211; AL), em defesa do bom funcionamento das administra\u00e7\u00f5es tribut\u00e1rias e da justa arrecada\u00e7\u00e3o que custeia todos os servi\u00e7os p\u00fablicos essenciais. Vale ressaltar que a associa\u00e7\u00e3o de Alagoas, rec\u00e9m-fundada, contou com o apoio da Federa\u00e7\u00e3o Nacional dos Auditores e Fiscais de Tributos Municipais (Fenafim).<\/p>\n\n\n\n<p>O Presidente da Alafisco, Wallison Freire (e integrante do Fisco de Teot\u00f4nio Vilela), e o Procurador-Geral do Minist\u00e9rio P\u00fablico de Contas, Dr. Enio Pimenta, reuniram-se na sede do TCE de Alagoas, onde iniciaram os di\u00e1logos para a parceria institucional.<\/p>\n\n\n\n<p>Foram tratados temas como treinamento dos servidores dos fiscos municipais alagoanos, atualiza\u00e7\u00e3o das legisla\u00e7\u00f5es relativas a atribui\u00e7\u00f5es e prerrogativas desses servidores, e adequa\u00e7\u00f5es administrativas e funcionais face \u00e0s modifica\u00e7\u00f5es que vir\u00e3o com a implementa\u00e7\u00e3o da EC n\u00ba 132\/2023 (Reforma Tribut\u00e1ria).<\/p>\n\n\n\n<p>O senso comum entre os representantes da Alafisco e do MP de Contas \u00e9 que os cuidados com a receita p\u00fablica ganharam status de urg\u00eancia por conta da Reforma Tribut\u00e1ria. Isso acontece porque, al\u00e9m da import\u00e2ncia da efetiva arrecada\u00e7\u00e3o de todos os tributos municipais (que constitui requisito essencial da responsabilidade na gest\u00e3o fiscal, conforme determina o art.11 da LC 101 (LRF), \u00e9 preciso arrecadar muito bem o ISS e o repasse do ICMS agora. Essas arrecada\u00e7\u00f5es servir\u00e3o de base para o recebimento do novo IBS pelos pr\u00f3ximos 45 anos.<\/p>\n","protected":false},"excerpt":{"rendered":"<p>A Alafisco (Associa\u00e7\u00e3o Alagoana dos Fiscos Municipais) cuidou, na quarta-feira (07\/02), das tratativas para a parceria institucional com o Minist\u00e9rio P\u00fablico de Contas do Estado (MPCO &#8211; AL), em defesa &#8230;<\/p>\n","protected":false},"author":4,"featured_media":3806,"comment_status":"closed","ping_status":"open","sticky":false,"template":"","format":"standard","meta":{"_jetpack_memberships_contains_paid_content":false,"footnotes":""},"categories":[150],"tags":[],"jetpack_sharing_enabled":true,"jetpack_featured_media_url":"https:\/\/www.fenafim.org.br\/site\/wp-content\/uploads\/2024\/02\/Alagoana.jpg","_links":{"self":[{"href":"https:\/\/www.fenafim.org.br\/site\/wp-json\/wp\/v2\/posts\/3805"}],"collection":[{"href":"https:\/\/www.fenafim.org.br\/site\/wp-json\/wp\/v2\/posts"}],"about":[{"href":"https:\/\/www.fenafim.org.br\/site\/wp-json\/wp\/v2\/types\/post"}],"author":[{"embeddable":true,"href":"https:\/\/www.fenafim.org.br\/site\/wp-json\/wp\/v2\/users\/4"}],"replies":[{"embeddable":true,"href":"https:\/\/www.fenafim.org.br\/site\/wp-json\/wp\/v2\/comments?post=3805"}],"version-history":[{"count":1,"href":"https:\/\/www.fenafim.org.br\/site\/wp-json\/wp\/v2\/posts\/3805\/revisions"}],"predecessor-version":[{"id":3807,"href":"https:\/\/www.fenafim.org.br\/site\/wp-json\/wp\/v2\/posts\/3805\/revisions\/3807"}],"wp:featuredmedia":[{"embeddable":true,"href":"https:\/\/www.fenafim.org.br\/site\/wp-json\/wp\/v2\/media\/3806"}],"wp:attachment":[{"href":"https:\/\/www.fenafim.org.br\/site\/wp-json\/wp\/v2\/media?parent=3805"}],"wp:term":[{"taxonomy":"category","embeddable":true,"href":"https:\/\/www.fenafim.org.br\/site\/wp-json\/wp\/v2\/categories?post=3805"},{"taxonomy":"post_tag","embeddable":true,"href":"https:\/\/www.fenafim.org.br\/site\/wp-json\/wp\/v2\/tags?post=3805"}],"curies":[{"name":"wp","href":"https:\/\/api.w.org\/{rel}","templated":true}]}}