{"id":3795,"date":"2024-02-07T13:25:32","date_gmt":"2024-02-07T16:25:32","guid":{"rendered":"https:\/\/www.fenafim.org.br\/site\/?p=3795"},"modified":"2024-02-07T16:24:54","modified_gmt":"2024-02-07T19:24:54","slug":"fenafim-e-sinafims-tratam-das-definicoes-que-a-ec-132-reforma-tributaria-deixou-para-as-leis-complementares-e-de-adequacoes-locais-para-o-melhor-funcionamento-dos-fiscos-municipais-sergipanos","status":"publish","type":"post","link":"https:\/\/www.fenafim.org.br\/site\/2024\/02\/07\/fenafim-e-sinafims-tratam-das-definicoes-que-a-ec-132-reforma-tributaria-deixou-para-as-leis-complementares-e-de-adequacoes-locais-para-o-melhor-funcionamento-dos-fiscos-municipais-sergipanos\/","title":{"rendered":"Fenafim e Sinafims tratam das defini\u00e7\u00f5es que a EC 132 (Reforma Tribut\u00e1ria) deixou para as leis complementares e de adequa\u00e7\u00f5es locais para o melhor funcionamento dos fiscos municipais sergipanos"},"content":{"rendered":"\n<p>Na noite de ter\u00e7a-feira (06\/02), representantes dos munic\u00edpios sergipanos de Barra dos Coqueiros, Capela, Itabaiana, Lagarto, Itabaianinha e Nossa Senhora do Socorro tiveram reuni\u00e3o setorial com o Presidente do Sindicato dos Integrantes dos Fiscos Municipais de Sergipe, Lamarcks, e o Diretor Jur\u00eddico e de Defesa Funcional da Fenafim, Carlos Cardoso. Os trabalhos trataram das medidas administrativas, funcionais e operacionais que modernizar\u00e3o os fiscos para melhores resultados j\u00e1 agora e na implanta\u00e7\u00e3o e opera\u00e7\u00e3o do novo IBS.<\/p>\n\n\n\n<p>A situa\u00e7\u00e3o de cada administra\u00e7\u00e3o tribut\u00e1ria; a manuten\u00e7\u00e3o da receita p\u00fablica diante da futura arrecada\u00e7\u00e3o e entrega do IBS por parte do Comit\u00ea Gestor; e as caracter\u00edsticas dos arranjos produtivos das regi\u00f5es do Estado, bem como seus quantitativos populacionais, que importam na arrecada\u00e7\u00e3o pr\u00f3pria e no direito ao repasse do novo imposto, tamb\u00e9m foram tratados face \u00e0s defini\u00e7\u00f5es que vir\u00e3o com as leis complementares. <\/p>\n\n\n\n<p>Cardoso e Lamarcks, ainda em fevereiro, tratar\u00e3o desses temas com prefeitos e secret\u00e1rios municipais.<\/p>\n","protected":false},"excerpt":{"rendered":"<p>Na noite de ter\u00e7a-feira (06\/02), representantes dos munic\u00edpios sergipanos de Barra dos Coqueiros, Capela, Itabaiana, Lagarto, Itabaianinha e Nossa Senhora do Socorro tiveram reuni\u00e3o setorial com o Presidente do Sindicato &#8230;<\/p>\n","protected":false},"author":4,"featured_media":3796,"comment_status":"closed","ping_status":"open","sticky":false,"template":"","format":"standard","meta":{"_jetpack_memberships_contains_paid_content":false,"footnotes":""},"categories":[150],"tags":[],"jetpack_sharing_enabled":true,"jetpack_featured_media_url":"https:\/\/www.fenafim.org.br\/site\/wp-content\/uploads\/2024\/02\/rEUNI\u00c3O-sERGIPE.jpg","_links":{"self":[{"href":"https:\/\/www.fenafim.org.br\/site\/wp-json\/wp\/v2\/posts\/3795"}],"collection":[{"href":"https:\/\/www.fenafim.org.br\/site\/wp-json\/wp\/v2\/posts"}],"about":[{"href":"https:\/\/www.fenafim.org.br\/site\/wp-json\/wp\/v2\/types\/post"}],"author":[{"embeddable":true,"href":"https:\/\/www.fenafim.org.br\/site\/wp-json\/wp\/v2\/users\/4"}],"replies":[{"embeddable":true,"href":"https:\/\/www.fenafim.org.br\/site\/wp-json\/wp\/v2\/comments?post=3795"}],"version-history":[{"count":2,"href":"https:\/\/www.fenafim.org.br\/site\/wp-json\/wp\/v2\/posts\/3795\/revisions"}],"predecessor-version":[{"id":3798,"href":"https:\/\/www.fenafim.org.br\/site\/wp-json\/wp\/v2\/posts\/3795\/revisions\/3798"}],"wp:featuredmedia":[{"embeddable":true,"href":"https:\/\/www.fenafim.org.br\/site\/wp-json\/wp\/v2\/media\/3796"}],"wp:attachment":[{"href":"https:\/\/www.fenafim.org.br\/site\/wp-json\/wp\/v2\/media?parent=3795"}],"wp:term":[{"taxonomy":"category","embeddable":true,"href":"https:\/\/www.fenafim.org.br\/site\/wp-json\/wp\/v2\/categories?post=3795"},{"taxonomy":"post_tag","embeddable":true,"href":"https:\/\/www.fenafim.org.br\/site\/wp-json\/wp\/v2\/tags?post=3795"}],"curies":[{"name":"wp","href":"https:\/\/api.w.org\/{rel}","templated":true}]}}