{"id":3787,"date":"2024-02-01T16:24:49","date_gmt":"2024-02-01T19:24:49","guid":{"rendered":"https:\/\/www.fenafim.org.br\/site\/?p=3787"},"modified":"2024-02-03T17:28:35","modified_gmt":"2024-02-03T20:28:35","slug":"fenafim-e-anafisco-debatem-com-suas-filiadas-diretrizes-a-serem-defendidas-pelas-entidades-nacionais-do-fisco-municipal","status":"publish","type":"post","link":"https:\/\/www.fenafim.org.br\/site\/2024\/02\/01\/fenafim-e-anafisco-debatem-com-suas-filiadas-diretrizes-a-serem-defendidas-pelas-entidades-nacionais-do-fisco-municipal\/","title":{"rendered":"Fenafim e Anafisco debatem com suas filiadas diretrizes a serem defendidas pelas entidades nacionais do fisco municipal"},"content":{"rendered":"\n<p>A Federa\u00e7\u00e3o Nacional dos Auditores e Fiscais de Tributos Municipais (Fenafim) e a Associa\u00e7\u00e3o Nacional dos Auditores Fiscais de Tributos dos Munic\u00edpios e Distrito Federal (Anafisco) se reuniram em S\u00e3o Paulo (SP) com as filiadas entre os dias 30 e 31 de janeiro para debater diretrizes a serem defendidas pelas entidades nacionais do fisco municipal. O Auditor  Eudes Sippel participou do evento representando a Confedera\u00e7\u00e3o Nacional dos Munic\u00edpios &#8211; CNM.<\/p>\n\n\n\n<p>C\u00e1ssio Vieira recepcionou os representantes e fez a abertura do evento. Em seguida, Alberto Macedo, auditor de S\u00e3o Paulo (SP) coordenou os debates. O presidente da Fenafim, F\u00e1bio Macedo, e C\u00e1ssio Vieira, presidente da Anafisco e vice-presidente da Fenafim, participaram das discuss\u00f5es com os demais presentes. Coube a C\u00e1ssio preparar um relat\u00f3rio a ser encaminhado para delibera\u00e7\u00e3o dos presidentes das filiadas de ambas entidades.<\/p>\n\n\n\n<p>Al\u00e9m dos nomes citados, tamb\u00e9m participaram:<\/p>\n\n\n\n<p>Artur Mattos &#8211; (Salvador &#8211; BA)<br> Carlos Mauro (Niter\u00f3i &#8211; RJ)<br> Eudes Sippel (Santa Cruz do Sul &#8211; RS)<br> Felipe Ribeiro (S\u00e3o Pedro de Aldeia -RJ<br> Tarciano de Lima (Porto Alegre &#8211; RS)<br> Eliane Vargas (Ipatinga &#8211; MG)<br> F\u00e9lix Oliveira (Natal &#8211; RN)<br> Edelcino Nascimento (Itatiba &#8211; SP)<br> Carlos Brukle (Londrina &#8211; PR)<br> Helder Conrado (Goi\u00e2nia &#8211; GO)<br> Karla Borges (Salvador &#8211; BA)<br> Walter Souza (Jaboat\u00e3o- PE)<br> Ana Paula Simonelli (Itabora\u00ed &#8211;  RJ)<br> Diego Ara\u00fajo (S\u00e3o Jos\u00e9 do Rio Preto &#8211; SP)<br> Aured Rodrigues (S\u00e3o Lu\u00eds &#8211; MA)<br> Leonardo Sia (Japeri &#8211; RJ)<br> Clarissa Mendes (Curitiba &#8211; PR)<br> Kleber Neves (Rio de Janeiro &#8211; RJ)<br> Marcos Fardin (Serra &#8211; ES)<br> Henrique Goseling (Belo Horizonte &#8211; MG)<br> Rafael Marques (S\u00e3o Paulo &#8211; SP)<br> M\u00e1rio Medeiros (Fortaleza &#8211; CE)<br> Eliel dos Santos (Jaguaria\u00edva &#8211; PR)<br> Miques Jesus (Joinville &#8211; SC)<br> Pedro Job (Cuiab\u00e1 &#8211; MT)<br> Wolf Eskowitz (Ribeir\u00e3o Preto &#8211; SP)<br> Gerson Jorge (Sorocaba &#8211; SP) <br> Ana L\u00facia Pedro (Sorocaba &#8211; SP) <br> Alberto Macedo (S\u00e3o Paulo &#8211; SP)<br> M\u00e1rcia Zila\u00a0(Blumenau\u00a0&#8211;\u00a0SC)<br> Rafael  Aguirrez\u00e1bal (S\u00e3o Paulo &#8211; SP)<\/p>\n","protected":false},"excerpt":{"rendered":"<p>A Federa\u00e7\u00e3o Nacional dos Auditores e Fiscais de Tributos Municipais (Fenafim) e a Associa\u00e7\u00e3o Nacional dos Auditores Fiscais de Tributos dos Munic\u00edpios e Distrito Federal (Anafisco) se reuniram em S\u00e3o &#8230;<\/p>\n","protected":false},"author":4,"featured_media":3788,"comment_status":"closed","ping_status":"open","sticky":false,"template":"","format":"standard","meta":{"_jetpack_memberships_contains_paid_content":false,"footnotes":""},"categories":[1],"tags":[],"jetpack_sharing_enabled":true,"jetpack_featured_media_url":"https:\/\/www.fenafim.org.br\/site\/wp-content\/uploads\/2024\/02\/anafisco-hoje.jpg","_links":{"self":[{"href":"https:\/\/www.fenafim.org.br\/site\/wp-json\/wp\/v2\/posts\/3787"}],"collection":[{"href":"https:\/\/www.fenafim.org.br\/site\/wp-json\/wp\/v2\/posts"}],"about":[{"href":"https:\/\/www.fenafim.org.br\/site\/wp-json\/wp\/v2\/types\/post"}],"author":[{"embeddable":true,"href":"https:\/\/www.fenafim.org.br\/site\/wp-json\/wp\/v2\/users\/4"}],"replies":[{"embeddable":true,"href":"https:\/\/www.fenafim.org.br\/site\/wp-json\/wp\/v2\/comments?post=3787"}],"version-history":[{"count":3,"href":"https:\/\/www.fenafim.org.br\/site\/wp-json\/wp\/v2\/posts\/3787\/revisions"}],"predecessor-version":[{"id":3791,"href":"https:\/\/www.fenafim.org.br\/site\/wp-json\/wp\/v2\/posts\/3787\/revisions\/3791"}],"wp:featuredmedia":[{"embeddable":true,"href":"https:\/\/www.fenafim.org.br\/site\/wp-json\/wp\/v2\/media\/3788"}],"wp:attachment":[{"href":"https:\/\/www.fenafim.org.br\/site\/wp-json\/wp\/v2\/media?parent=3787"}],"wp:term":[{"taxonomy":"category","embeddable":true,"href":"https:\/\/www.fenafim.org.br\/site\/wp-json\/wp\/v2\/categories?post=3787"},{"taxonomy":"post_tag","embeddable":true,"href":"https:\/\/www.fenafim.org.br\/site\/wp-json\/wp\/v2\/tags?post=3787"}],"curies":[{"name":"wp","href":"https:\/\/api.w.org\/{rel}","templated":true}]}}