{"id":3784,"date":"2024-02-01T11:09:29","date_gmt":"2024-02-01T14:09:29","guid":{"rendered":"https:\/\/www.fenafim.org.br\/site\/?p=3784"},"modified":"2024-02-01T11:09:29","modified_gmt":"2024-02-01T14:09:29","slug":"fenafim-e-alafisco-tratam-da-atualizacao-das-administracoes-tributarias-e-das-definicoes-que-a-ec-132-emenda-constitucional-da-reforma-tributaria-reservou-as-leis-complementares","status":"publish","type":"post","link":"https:\/\/www.fenafim.org.br\/site\/2024\/02\/01\/fenafim-e-alafisco-tratam-da-atualizacao-das-administracoes-tributarias-e-das-definicoes-que-a-ec-132-emenda-constitucional-da-reforma-tributaria-reservou-as-leis-complementares\/","title":{"rendered":"Fenafim e Alafisco tratam da atualiza\u00e7\u00e3o das administra\u00e7\u00f5es tribut\u00e1rias e das defini\u00e7\u00f5es que a EC 132 (Emenda Constitucional da Reforma Tribut\u00e1ria) reservou \u00e0s leis complementares"},"content":{"rendered":"\n<p>Na noite da quarta-feira (31\/01), representantes dos munic\u00edpios de Arapiraca, Coruripe e Teot\u00f4nio Vilela \u2014 todos integrantes da rec\u00e9m-criada Alafisco (Associa\u00e7\u00e3o Alagoana dos Fiscos Municipais \u2014, tiveram reuni\u00e3o setorial com o Diretor Jur\u00eddico e de Defesa Funcional da Fenafim, Carlos Cardoso. O objetivo do encontro virtual foi tratar das medidas administrativas, funcionais e operacionais, incluindo aprova\u00e7\u00e3o de normas nos legislativos locais que modernizar\u00e3o os fiscos visando melhores resultados no presente e implanta\u00e7\u00e3o e opera\u00e7\u00e3o segura da nova tributa\u00e7\u00e3o sobre o consumo.<\/p>\n\n\n\n<p>O momento evolutivo das administra\u00e7\u00f5es tribut\u00e1rias, as quest\u00f5es sobre arrecada\u00e7\u00e3o e entrega do IBS por parte do Comit\u00ea Gestor e os detalhes acerca do funcionamento dos arranjos econ\u00f4micos e da demografia locais e da regi\u00e3o, que importam na arrecada\u00e7\u00e3o pr\u00f3pria e no direito ao repasse do novo imposto, tamb\u00e9m foram tratados face \u00e0s defini\u00e7\u00f5es que vir\u00e3o com as leis complementares. Como tem dito Cardoso: &#8220;a EC 132 criou o corpo, mas a alma da Reforma vir\u00e1 mesmo com as leis complementares.&#8221;<\/p>\n","protected":false},"excerpt":{"rendered":"<p>Na noite da quarta-feira (31\/01), representantes dos munic\u00edpios de Arapiraca, Coruripe e Teot\u00f4nio Vilela \u2014 todos integrantes da rec\u00e9m-criada Alafisco (Associa\u00e7\u00e3o Alagoana dos Fiscos Municipais \u2014, tiveram reuni\u00e3o setorial com &#8230;<\/p>\n","protected":false},"author":4,"featured_media":3785,"comment_status":"closed","ping_status":"open","sticky":false,"template":"","format":"standard","meta":{"_jetpack_memberships_contains_paid_content":false,"footnotes":""},"categories":[1],"tags":[],"jetpack_sharing_enabled":true,"jetpack_featured_media_url":"https:\/\/www.fenafim.org.br\/site\/wp-content\/uploads\/2024\/02\/Arapiraca.jpg","_links":{"self":[{"href":"https:\/\/www.fenafim.org.br\/site\/wp-json\/wp\/v2\/posts\/3784"}],"collection":[{"href":"https:\/\/www.fenafim.org.br\/site\/wp-json\/wp\/v2\/posts"}],"about":[{"href":"https:\/\/www.fenafim.org.br\/site\/wp-json\/wp\/v2\/types\/post"}],"author":[{"embeddable":true,"href":"https:\/\/www.fenafim.org.br\/site\/wp-json\/wp\/v2\/users\/4"}],"replies":[{"embeddable":true,"href":"https:\/\/www.fenafim.org.br\/site\/wp-json\/wp\/v2\/comments?post=3784"}],"version-history":[{"count":1,"href":"https:\/\/www.fenafim.org.br\/site\/wp-json\/wp\/v2\/posts\/3784\/revisions"}],"predecessor-version":[{"id":3786,"href":"https:\/\/www.fenafim.org.br\/site\/wp-json\/wp\/v2\/posts\/3784\/revisions\/3786"}],"wp:featuredmedia":[{"embeddable":true,"href":"https:\/\/www.fenafim.org.br\/site\/wp-json\/wp\/v2\/media\/3785"}],"wp:attachment":[{"href":"https:\/\/www.fenafim.org.br\/site\/wp-json\/wp\/v2\/media?parent=3784"}],"wp:term":[{"taxonomy":"category","embeddable":true,"href":"https:\/\/www.fenafim.org.br\/site\/wp-json\/wp\/v2\/categories?post=3784"},{"taxonomy":"post_tag","embeddable":true,"href":"https:\/\/www.fenafim.org.br\/site\/wp-json\/wp\/v2\/tags?post=3784"}],"curies":[{"name":"wp","href":"https:\/\/api.w.org\/{rel}","templated":true}]}}