{"id":3781,"date":"2024-01-30T12:49:46","date_gmt":"2024-01-30T15:49:46","guid":{"rendered":"https:\/\/www.fenafim.org.br\/site\/?p=3781"},"modified":"2024-01-30T12:49:46","modified_gmt":"2024-01-30T15:49:46","slug":"fenafim-apoia-fisco-do-municipio-de-ourizona-pr-e-faz-preparativos-para-separacao-de-atribuicoes-e-restauracao-do-cargo-de-integrante-do-fisco","status":"publish","type":"post","link":"https:\/\/www.fenafim.org.br\/site\/2024\/01\/30\/fenafim-apoia-fisco-do-municipio-de-ourizona-pr-e-faz-preparativos-para-separacao-de-atribuicoes-e-restauracao-do-cargo-de-integrante-do-fisco\/","title":{"rendered":"Fenafim apoia Fisco do Munic\u00edpio de Ourizona (PR) e faz preparativos para separa\u00e7\u00e3o de atribui\u00e7\u00f5es e restaura\u00e7\u00e3o do cargo de integrante do Fisco"},"content":{"rendered":"\n<p>Na noite da segunda-feira (29\/01), o Diretor Jur\u00eddico e de Defesa Funcional da Fenafim, Carlos Cardoso, atendeu o integrante do fisco de Ourizona (PR), Marcos Silva, para tratar da devida separa\u00e7\u00e3o das atribui\u00e7\u00f5es relativas a posturas p\u00fablicas, obras e tributos equivocadamente aglutinadas no cargo de Fiscal Municipal.<\/p>\n\n\n\n<p>&#8220;Essa situa\u00e7\u00e3o tem aparecido com frequ\u00eancia em alguns munic\u00edpios do Paran\u00e1, inclusive a Fenafim tem colaborado, j\u00e1 na fase dos editais dos concursos p\u00fablicos, para evitar que o problema se concretize no futuro. N\u00e3o bastasse toda uma improducente mistura de atividades (tributos, obras, posturas, transportes, meio ambiente, seguran\u00e7a do trabalho, etc), o mandamento de ser a administra\u00e7\u00e3o tribut\u00e1ria exercida por servidores de carreira espec\u00edfica \u00e9 constitucional (art.37, XXII). Agora, diante das mudan\u00e7as trazidas pela Reforma Tribut\u00e1ria, ter um quadro do fisco bem estruturado e com atribui\u00e7\u00f5es espec\u00edficas bem delineadas somar\u00e1 muito no compartilhamento de informa\u00e7\u00f5es e a\u00e7\u00f5es fiscais do IBS, porque esse imposto pertencer\u00e1 aos Estados e Munic\u00edpios\u201d, disse Carlos Cardoso.<\/p>\n","protected":false},"excerpt":{"rendered":"<p>Na noite da segunda-feira (29\/01), o Diretor Jur\u00eddico e de Defesa Funcional da Fenafim, Carlos Cardoso, atendeu o integrante do fisco de Ourizona (PR), Marcos Silva, para tratar da devida &#8230;<\/p>\n","protected":false},"author":4,"featured_media":3782,"comment_status":"closed","ping_status":"open","sticky":false,"template":"","format":"standard","meta":{"_jetpack_memberships_contains_paid_content":false,"footnotes":""},"categories":[150],"tags":[],"jetpack_sharing_enabled":true,"jetpack_featured_media_url":"https:\/\/www.fenafim.org.br\/site\/wp-content\/uploads\/2024\/01\/ourizona.jpg","_links":{"self":[{"href":"https:\/\/www.fenafim.org.br\/site\/wp-json\/wp\/v2\/posts\/3781"}],"collection":[{"href":"https:\/\/www.fenafim.org.br\/site\/wp-json\/wp\/v2\/posts"}],"about":[{"href":"https:\/\/www.fenafim.org.br\/site\/wp-json\/wp\/v2\/types\/post"}],"author":[{"embeddable":true,"href":"https:\/\/www.fenafim.org.br\/site\/wp-json\/wp\/v2\/users\/4"}],"replies":[{"embeddable":true,"href":"https:\/\/www.fenafim.org.br\/site\/wp-json\/wp\/v2\/comments?post=3781"}],"version-history":[{"count":1,"href":"https:\/\/www.fenafim.org.br\/site\/wp-json\/wp\/v2\/posts\/3781\/revisions"}],"predecessor-version":[{"id":3783,"href":"https:\/\/www.fenafim.org.br\/site\/wp-json\/wp\/v2\/posts\/3781\/revisions\/3783"}],"wp:featuredmedia":[{"embeddable":true,"href":"https:\/\/www.fenafim.org.br\/site\/wp-json\/wp\/v2\/media\/3782"}],"wp:attachment":[{"href":"https:\/\/www.fenafim.org.br\/site\/wp-json\/wp\/v2\/media?parent=3781"}],"wp:term":[{"taxonomy":"category","embeddable":true,"href":"https:\/\/www.fenafim.org.br\/site\/wp-json\/wp\/v2\/categories?post=3781"},{"taxonomy":"post_tag","embeddable":true,"href":"https:\/\/www.fenafim.org.br\/site\/wp-json\/wp\/v2\/tags?post=3781"}],"curies":[{"name":"wp","href":"https:\/\/api.w.org\/{rel}","templated":true}]}}