{"id":3777,"date":"2024-01-29T07:05:03","date_gmt":"2024-01-29T10:05:03","guid":{"rendered":"https:\/\/www.fenafim.org.br\/site\/?p=3777"},"modified":"2024-01-29T07:05:03","modified_gmt":"2024-01-29T10:05:03","slug":"fenafim-nomeia-henrique-lameirao-cintra-como-responsavel-pela-assessoria-especial-da-presidencia-da-federacao","status":"publish","type":"post","link":"https:\/\/www.fenafim.org.br\/site\/2024\/01\/29\/fenafim-nomeia-henrique-lameirao-cintra-como-responsavel-pela-assessoria-especial-da-presidencia-da-federacao\/","title":{"rendered":"Fenafim nomeia Henrique Lameir\u00e3o Cintra como respons\u00e1vel pela Assessoria Especial da Presid\u00eancia da federa\u00e7\u00e3o"},"content":{"rendered":"\n<p>A Federa\u00e7\u00e3o Nacional dos Auditores e Fiscais de Tributos Municipais (Fenafim), por meio do presidente F\u00e1bio Mac\u00eado, nomeou o Sr. Henrique Lameir\u00e3o Cintra, do Fisco do Munic\u00edpio de Guarulhos (SP), para responder pela Assessoria Especial da Presid\u00eancia da Fenafim. <\/p>\n\n\n\n<p>Sua fun\u00e7\u00e3o \u00e9 desempenhar o assessoramento e apoio do interesse da Federa\u00e7\u00e3o, bem como atuar em miss\u00f5es regionais ou locais, para assuntos pertinentes a organiza\u00e7\u00e3o do Congresso Nacional FENAFIM, durante o bi\u00eanio 2024 &#8211; 2025. Na condi\u00e7\u00e3o de assessor t\u00e9cnico, deve integrar as comiss\u00f5es respons\u00e1veis pela organiza\u00e7\u00e3o do Congresso Nacional Fenafim.<\/p>\n","protected":false},"excerpt":{"rendered":"<p>A Federa\u00e7\u00e3o Nacional dos Auditores e Fiscais de Tributos Municipais (Fenafim), por meio do presidente F\u00e1bio Mac\u00eado, nomeou o Sr. Henrique Lameir\u00e3o Cintra, do Fisco do Munic\u00edpio de Guarulhos (SP), &#8230;<\/p>\n","protected":false},"author":4,"featured_media":3778,"comment_status":"closed","ping_status":"open","sticky":false,"template":"","format":"standard","meta":{"_jetpack_memberships_contains_paid_content":false,"footnotes":""},"categories":[195],"tags":[],"jetpack_sharing_enabled":true,"jetpack_featured_media_url":"https:\/\/www.fenafim.org.br\/site\/wp-content\/uploads\/2024\/01\/indica\u00e7\u00e3o-henrique.jpg","_links":{"self":[{"href":"https:\/\/www.fenafim.org.br\/site\/wp-json\/wp\/v2\/posts\/3777"}],"collection":[{"href":"https:\/\/www.fenafim.org.br\/site\/wp-json\/wp\/v2\/posts"}],"about":[{"href":"https:\/\/www.fenafim.org.br\/site\/wp-json\/wp\/v2\/types\/post"}],"author":[{"embeddable":true,"href":"https:\/\/www.fenafim.org.br\/site\/wp-json\/wp\/v2\/users\/4"}],"replies":[{"embeddable":true,"href":"https:\/\/www.fenafim.org.br\/site\/wp-json\/wp\/v2\/comments?post=3777"}],"version-history":[{"count":1,"href":"https:\/\/www.fenafim.org.br\/site\/wp-json\/wp\/v2\/posts\/3777\/revisions"}],"predecessor-version":[{"id":3779,"href":"https:\/\/www.fenafim.org.br\/site\/wp-json\/wp\/v2\/posts\/3777\/revisions\/3779"}],"wp:featuredmedia":[{"embeddable":true,"href":"https:\/\/www.fenafim.org.br\/site\/wp-json\/wp\/v2\/media\/3778"}],"wp:attachment":[{"href":"https:\/\/www.fenafim.org.br\/site\/wp-json\/wp\/v2\/media?parent=3777"}],"wp:term":[{"taxonomy":"category","embeddable":true,"href":"https:\/\/www.fenafim.org.br\/site\/wp-json\/wp\/v2\/categories?post=3777"},{"taxonomy":"post_tag","embeddable":true,"href":"https:\/\/www.fenafim.org.br\/site\/wp-json\/wp\/v2\/tags?post=3777"}],"curies":[{"name":"wp","href":"https:\/\/api.w.org\/{rel}","templated":true}]}}