{"id":3765,"date":"2024-01-22T19:14:12","date_gmt":"2024-01-22T22:14:12","guid":{"rendered":"https:\/\/www.fenafim.org.br\/site\/?p=3765"},"modified":"2024-01-22T19:14:12","modified_gmt":"2024-01-22T22:14:12","slug":"agora-e-a-vez-dos-fiscos-dos-municipios-de-tocantins-fenafim-atua-na-construcao-da-atofisco","status":"publish","type":"post","link":"https:\/\/www.fenafim.org.br\/site\/2024\/01\/22\/agora-e-a-vez-dos-fiscos-dos-municipios-de-tocantins-fenafim-atua-na-construcao-da-atofisco\/","title":{"rendered":"Agora \u00e9 a vez dos Fiscos dos Munic\u00edpios de Tocantins: Fenafim atua na constru\u00e7\u00e3o da ATOFISCO"},"content":{"rendered":"\n<p>A primeira reuni\u00e3o preparativa para a constru\u00e7\u00e3o da ATOFISCO ocorreu na sexta-feira (19\/01), com a participa\u00e7\u00e3o de C\u00e9lio e Rog\u00e9rio, integrantes do Fisco do Munic\u00edpio de Miranorte (TO). Na articula\u00e7\u00e3o e apoio (minuta de estatuto, edital de funda\u00e7\u00e3o e outros documentos), est\u00e3o os representantes da Fenafim: Mandes Sales, Diretor de Forma\u00e7\u00e3o Profissional e Sindical; Jane Castello, Assessora Especial; e Carlos Cardoso, Diretor Jur\u00eddico e de Defesa Funcional.<\/p>\n\n\n\n<p>A entidade representativa das administra\u00e7\u00f5es tribut\u00e1rias municipais do Tocantins surge em momento mais que oportuno. \u00c9 tempo de adequa\u00e7\u00f5es dos fiscos face \u00e0s mudan\u00e7as trazidas pela Reforma Tribut\u00e1ria, em especial diante do IVA, e hora de participar das defini\u00e7\u00f5es que vir\u00e3o com as leis complementares sobre o IBS, o Comit\u00ea Gestor desse imposto e as novas atividades tribut\u00e1rias, boa parte compartilhadas com a Fazenda estadual.<\/p>\n","protected":false},"excerpt":{"rendered":"<p>A primeira reuni\u00e3o preparativa para a constru\u00e7\u00e3o da ATOFISCO ocorreu na sexta-feira (19\/01), com a participa\u00e7\u00e3o de C\u00e9lio e Rog\u00e9rio, integrantes do Fisco do Munic\u00edpio de Miranorte (TO). Na articula\u00e7\u00e3o &#8230;<\/p>\n","protected":false},"author":4,"featured_media":3766,"comment_status":"closed","ping_status":"open","sticky":false,"template":"","format":"standard","meta":{"_jetpack_memberships_contains_paid_content":false,"footnotes":""},"categories":[1],"tags":[],"jetpack_sharing_enabled":true,"jetpack_featured_media_url":"https:\/\/www.fenafim.org.br\/site\/wp-content\/uploads\/2024\/01\/miranorte1.jpg","_links":{"self":[{"href":"https:\/\/www.fenafim.org.br\/site\/wp-json\/wp\/v2\/posts\/3765"}],"collection":[{"href":"https:\/\/www.fenafim.org.br\/site\/wp-json\/wp\/v2\/posts"}],"about":[{"href":"https:\/\/www.fenafim.org.br\/site\/wp-json\/wp\/v2\/types\/post"}],"author":[{"embeddable":true,"href":"https:\/\/www.fenafim.org.br\/site\/wp-json\/wp\/v2\/users\/4"}],"replies":[{"embeddable":true,"href":"https:\/\/www.fenafim.org.br\/site\/wp-json\/wp\/v2\/comments?post=3765"}],"version-history":[{"count":1,"href":"https:\/\/www.fenafim.org.br\/site\/wp-json\/wp\/v2\/posts\/3765\/revisions"}],"predecessor-version":[{"id":3767,"href":"https:\/\/www.fenafim.org.br\/site\/wp-json\/wp\/v2\/posts\/3765\/revisions\/3767"}],"wp:featuredmedia":[{"embeddable":true,"href":"https:\/\/www.fenafim.org.br\/site\/wp-json\/wp\/v2\/media\/3766"}],"wp:attachment":[{"href":"https:\/\/www.fenafim.org.br\/site\/wp-json\/wp\/v2\/media?parent=3765"}],"wp:term":[{"taxonomy":"category","embeddable":true,"href":"https:\/\/www.fenafim.org.br\/site\/wp-json\/wp\/v2\/categories?post=3765"},{"taxonomy":"post_tag","embeddable":true,"href":"https:\/\/www.fenafim.org.br\/site\/wp-json\/wp\/v2\/tags?post=3765"}],"curies":[{"name":"wp","href":"https:\/\/api.w.org\/{rel}","templated":true}]}}