{"id":3755,"date":"2024-01-16T17:47:28","date_gmt":"2024-01-16T20:47:28","guid":{"rendered":"https:\/\/www.fenafim.org.br\/site\/?p=3755"},"modified":"2024-01-16T18:07:17","modified_gmt":"2024-01-16T21:07:17","slug":"fenafim-aguarda-revogacao-do-oficio-pela-prefeitura-de-juiz-de-fora-mg","status":"publish","type":"post","link":"https:\/\/www.fenafim.org.br\/site\/2024\/01\/16\/fenafim-aguarda-revogacao-do-oficio-pela-prefeitura-de-juiz-de-fora-mg\/","title":{"rendered":"Fenafim aguarda resposta ao of\u00edcio pela prefeitura de Juiz de Fora (MG)"},"content":{"rendered":"\n<p>A Fenafim tem tratado, nos \u00faltimos dias, algumas dificuldades administrativas, funcionais e operacionais que podem afetar o funcionamento do fisco de Juiz de Fora (MG), com potencial de atingir o ingresso de receitas, a seguran\u00e7a jur\u00eddica para a Fazenda P\u00fablica e os contribuintes. Consequentemente, isso tamb\u00e9m pode repercutir negativamente no equil\u00edbrio financeiro municipal e na manuten\u00e7\u00e3o da presta\u00e7\u00e3o dos servi\u00e7os p\u00fablicos essenciais \u00e0 popula\u00e7\u00e3o.<\/p>\n\n\n\n<p>Nossa entidade, que tem atuado com o Minist\u00e9rio P\u00fablico e o Tribunal de Contas na defesa das atribui\u00e7\u00f5es legais, prerrogativas e bom funcionamento dos fiscos, acredita firmemente nas solu\u00e7\u00f5es que certamente ser\u00e3o adotadas pela pr\u00f3pria administra\u00e7\u00e3o local. <\/p>\n\n\n\n<p>Isso se d\u00e1 tanto pelo fato de serem quest\u00f5es de f\u00e1cil entendimento, quanto por causa do momento que exige aten\u00e7\u00e3o redobrada e medidas r\u00e1pidas para o melhor funcionamento da administra\u00e7\u00e3o tribut\u00e1ria, por for\u00e7a da implanta\u00e7\u00e3o das mudan\u00e7as trazidas pela PEC n\u00ba 132\/2023 (Reforma Tribut\u00e1ria).<\/p>\n\n\n\n<p>Fenafim encaminhou \u00e0 administra\u00e7\u00e3o do munic\u00edpio o of\u00edcio conjunto em que se colocam \u00e0 disposi\u00e7\u00e3o para colaborar e aguarda a resposta.<\/p>\n\n\n\n<p>Acesso o of\u00edcio por aqui: <a href=\"https:\/\/bit.ly\/3S5ua6k\">https:\/\/bit.ly\/3S5ua6k<\/a><\/p>\n","protected":false},"excerpt":{"rendered":"<p>A Fenafim tem tratado, nos \u00faltimos dias, algumas dificuldades administrativas, funcionais e operacionais que podem afetar o funcionamento do fisco de Juiz de Fora (MG), com potencial de atingir o &#8230;<\/p>\n","protected":false},"author":4,"featured_media":3757,"comment_status":"closed","ping_status":"open","sticky":false,"template":"","format":"standard","meta":{"_jetpack_memberships_contains_paid_content":false,"footnotes":""},"categories":[150],"tags":[],"jetpack_sharing_enabled":true,"jetpack_featured_media_url":"https:\/\/www.fenafim.org.br\/site\/wp-content\/uploads\/2024\/01\/juizde-fora.jpg","_links":{"self":[{"href":"https:\/\/www.fenafim.org.br\/site\/wp-json\/wp\/v2\/posts\/3755"}],"collection":[{"href":"https:\/\/www.fenafim.org.br\/site\/wp-json\/wp\/v2\/posts"}],"about":[{"href":"https:\/\/www.fenafim.org.br\/site\/wp-json\/wp\/v2\/types\/post"}],"author":[{"embeddable":true,"href":"https:\/\/www.fenafim.org.br\/site\/wp-json\/wp\/v2\/users\/4"}],"replies":[{"embeddable":true,"href":"https:\/\/www.fenafim.org.br\/site\/wp-json\/wp\/v2\/comments?post=3755"}],"version-history":[{"count":2,"href":"https:\/\/www.fenafim.org.br\/site\/wp-json\/wp\/v2\/posts\/3755\/revisions"}],"predecessor-version":[{"id":3758,"href":"https:\/\/www.fenafim.org.br\/site\/wp-json\/wp\/v2\/posts\/3755\/revisions\/3758"}],"wp:featuredmedia":[{"embeddable":true,"href":"https:\/\/www.fenafim.org.br\/site\/wp-json\/wp\/v2\/media\/3757"}],"wp:attachment":[{"href":"https:\/\/www.fenafim.org.br\/site\/wp-json\/wp\/v2\/media?parent=3755"}],"wp:term":[{"taxonomy":"category","embeddable":true,"href":"https:\/\/www.fenafim.org.br\/site\/wp-json\/wp\/v2\/categories?post=3755"},{"taxonomy":"post_tag","embeddable":true,"href":"https:\/\/www.fenafim.org.br\/site\/wp-json\/wp\/v2\/tags?post=3755"}],"curies":[{"name":"wp","href":"https:\/\/api.w.org\/{rel}","templated":true}]}}