{"id":3752,"date":"2024-01-16T12:01:23","date_gmt":"2024-01-16T15:01:23","guid":{"rendered":"https:\/\/www.fenafim.org.br\/site\/?p=3752"},"modified":"2024-01-16T12:01:23","modified_gmt":"2024-01-16T15:01:23","slug":"convocatoria","status":"publish","type":"post","link":"https:\/\/www.fenafim.org.br\/site\/2024\/01\/16\/convocatoria\/","title":{"rendered":"CONVOCAT\u00d3RIA"},"content":{"rendered":"\n<p>Prezados,<\/p>\n\n\n\n<p>considerando a iminente discuss\u00e3o das leis complementares referentes ao IBS no Congresso Nacional, solicito aos presidentes das entidades filiadas \u00e0 Fenafim que encaminhem, para participarem de debates, a serem realizados em S\u00e3o Paulo nos dias 30 e 31\/1, um representante t\u00e9cnico habilitado, visando contribuir para a forma\u00e7\u00e3o de princ\u00edpios, de interesse dos Munic\u00edpios e das Administra\u00e7\u00f5es Tribut\u00e1rias Municipais, a serem defendidos pela Anafisco&nbsp;e&nbsp;Fenafim.<\/p>\n","protected":false},"excerpt":{"rendered":"<p>Prezados, considerando a iminente discuss\u00e3o das leis complementares referentes ao IBS no Congresso Nacional, solicito aos presidentes das entidades filiadas \u00e0 Fenafim que encaminhem, para participarem de debates, a serem &#8230;<\/p>\n","protected":false},"author":4,"featured_media":3753,"comment_status":"closed","ping_status":"open","sticky":false,"template":"","format":"standard","meta":{"_jetpack_memberships_contains_paid_content":false,"footnotes":""},"categories":[194],"tags":[],"jetpack_sharing_enabled":true,"jetpack_featured_media_url":"https:\/\/www.fenafim.org.br\/site\/wp-content\/uploads\/2024\/01\/CONVOCATORIA.jpg","_links":{"self":[{"href":"https:\/\/www.fenafim.org.br\/site\/wp-json\/wp\/v2\/posts\/3752"}],"collection":[{"href":"https:\/\/www.fenafim.org.br\/site\/wp-json\/wp\/v2\/posts"}],"about":[{"href":"https:\/\/www.fenafim.org.br\/site\/wp-json\/wp\/v2\/types\/post"}],"author":[{"embeddable":true,"href":"https:\/\/www.fenafim.org.br\/site\/wp-json\/wp\/v2\/users\/4"}],"replies":[{"embeddable":true,"href":"https:\/\/www.fenafim.org.br\/site\/wp-json\/wp\/v2\/comments?post=3752"}],"version-history":[{"count":1,"href":"https:\/\/www.fenafim.org.br\/site\/wp-json\/wp\/v2\/posts\/3752\/revisions"}],"predecessor-version":[{"id":3754,"href":"https:\/\/www.fenafim.org.br\/site\/wp-json\/wp\/v2\/posts\/3752\/revisions\/3754"}],"wp:featuredmedia":[{"embeddable":true,"href":"https:\/\/www.fenafim.org.br\/site\/wp-json\/wp\/v2\/media\/3753"}],"wp:attachment":[{"href":"https:\/\/www.fenafim.org.br\/site\/wp-json\/wp\/v2\/media?parent=3752"}],"wp:term":[{"taxonomy":"category","embeddable":true,"href":"https:\/\/www.fenafim.org.br\/site\/wp-json\/wp\/v2\/categories?post=3752"},{"taxonomy":"post_tag","embeddable":true,"href":"https:\/\/www.fenafim.org.br\/site\/wp-json\/wp\/v2\/tags?post=3752"}],"curies":[{"name":"wp","href":"https:\/\/api.w.org\/{rel}","templated":true}]}}