{"id":3746,"date":"2024-01-13T17:26:55","date_gmt":"2024-01-13T20:26:55","guid":{"rendered":"https:\/\/www.fenafim.org.br\/site\/?p=3746"},"modified":"2024-01-13T17:26:55","modified_gmt":"2024-01-13T20:26:55","slug":"fenafim-dialoga-com-a-prof-a-dra-adriana-schier-sobre-estruturacao-adequada-melhor-funcionamento-e-necessaria-autonomia-dos-fiscos-municipais","status":"publish","type":"post","link":"https:\/\/www.fenafim.org.br\/site\/2024\/01\/13\/fenafim-dialoga-com-a-prof-a-dra-adriana-schier-sobre-estruturacao-adequada-melhor-funcionamento-e-necessaria-autonomia-dos-fiscos-municipais\/","title":{"rendered":"Fenafim dialoga com a Prof.\u00aa Dra. Adriana Schier sobre estrutura\u00e7\u00e3o adequada, melhor funcionamento e necess\u00e1ria autonomia dos fiscos municipais"},"content":{"rendered":"\n<p>Na noite da sexta-feira (12\/01), o Diretor de Forma\u00e7\u00e3o Profissional, Sindical e Apoio \u00e0s Entidades Regionais e Estaduais, Mendes Sales, organizou momento de prof\u00edcuo di\u00e1logo com a Prof.\u00aa Dra. Adriana Schier. Ela \u00e9 autoridade no tema Administra\u00e7\u00e3o Tribut\u00e1ria, palestrante em v\u00e1rios Congressos da Federa\u00e7\u00e3o e autora, dentre outras obras, do livro &#8220;A Institucionaliza\u00e7\u00e3o da Administra\u00e7\u00e3o Tribut\u00e1ria&#8221; (Editora \u00cdthala &#8211; 2016). <\/p>\n\n\n\n<p>Participaram, tamb\u00e9m pela Fenafim, a Assessora Especial, Jane Castello, e o Diretor Jur\u00eddico e de Defesa Funcional, Carlos Cardoso. Eles t\u00eam entendido e defendido ser este momento de preparativos para a implanta\u00e7\u00e3o da nova tributa\u00e7\u00e3o sobre o consumo (o IVA) uma das oportunidades mais concretas para a devida estrutura\u00e7\u00e3o dos fiscos a fim de cumprirem sua miss\u00e3o constitucional de garantir a arrecada\u00e7\u00e3o que custeia todos os servi\u00e7os e pol\u00edticas p\u00fablicas essenciais \u00e0 popula\u00e7\u00e3o. Ap\u00f3s a reuni\u00e3o, sa\u00edram ainda mais esperan\u00e7osos ap\u00f3s o consistente e detalhado di\u00e1logo com a Dra. Adriana.<\/p>\n","protected":false},"excerpt":{"rendered":"<p>Na noite da sexta-feira (12\/01), o Diretor de Forma\u00e7\u00e3o Profissional, Sindical e Apoio \u00e0s Entidades Regionais e Estaduais, Mendes Sales, organizou momento de prof\u00edcuo di\u00e1logo com a Prof.\u00aa Dra. Adriana &#8230;<\/p>\n","protected":false},"author":4,"featured_media":3747,"comment_status":"closed","ping_status":"open","sticky":false,"template":"","format":"standard","meta":{"_jetpack_memberships_contains_paid_content":false,"footnotes":""},"categories":[1],"tags":[],"jetpack_sharing_enabled":true,"jetpack_featured_media_url":"https:\/\/www.fenafim.org.br\/site\/wp-content\/uploads\/2024\/01\/dialogo-com-professora.jpg","_links":{"self":[{"href":"https:\/\/www.fenafim.org.br\/site\/wp-json\/wp\/v2\/posts\/3746"}],"collection":[{"href":"https:\/\/www.fenafim.org.br\/site\/wp-json\/wp\/v2\/posts"}],"about":[{"href":"https:\/\/www.fenafim.org.br\/site\/wp-json\/wp\/v2\/types\/post"}],"author":[{"embeddable":true,"href":"https:\/\/www.fenafim.org.br\/site\/wp-json\/wp\/v2\/users\/4"}],"replies":[{"embeddable":true,"href":"https:\/\/www.fenafim.org.br\/site\/wp-json\/wp\/v2\/comments?post=3746"}],"version-history":[{"count":1,"href":"https:\/\/www.fenafim.org.br\/site\/wp-json\/wp\/v2\/posts\/3746\/revisions"}],"predecessor-version":[{"id":3748,"href":"https:\/\/www.fenafim.org.br\/site\/wp-json\/wp\/v2\/posts\/3746\/revisions\/3748"}],"wp:featuredmedia":[{"embeddable":true,"href":"https:\/\/www.fenafim.org.br\/site\/wp-json\/wp\/v2\/media\/3747"}],"wp:attachment":[{"href":"https:\/\/www.fenafim.org.br\/site\/wp-json\/wp\/v2\/media?parent=3746"}],"wp:term":[{"taxonomy":"category","embeddable":true,"href":"https:\/\/www.fenafim.org.br\/site\/wp-json\/wp\/v2\/categories?post=3746"},{"taxonomy":"post_tag","embeddable":true,"href":"https:\/\/www.fenafim.org.br\/site\/wp-json\/wp\/v2\/tags?post=3746"}],"curies":[{"name":"wp","href":"https:\/\/api.w.org\/{rel}","templated":true}]}}