{"id":3581,"date":"2023-12-05T12:06:50","date_gmt":"2023-12-05T15:06:50","guid":{"rendered":"https:\/\/www.fenafim.org.br\/site\/?p=3581"},"modified":"2023-12-06T09:31:52","modified_gmt":"2023-12-06T12:31:52","slug":"justica-reconduz-aos-cargos-da-administracao-tributaria-os-integrantes-do-fisco-de-taquaritinga-sp","status":"publish","type":"post","link":"https:\/\/www.fenafim.org.br\/site\/2023\/12\/05\/justica-reconduz-aos-cargos-da-administracao-tributaria-os-integrantes-do-fisco-de-taquaritinga-sp\/","title":{"rendered":"Justi\u00e7a reconduz aos cargos da administra\u00e7\u00e3o tribut\u00e1ria os integrantes do Fisco de Taquaritinga (SP)"},"content":{"rendered":"\n<p class=\"wp-block-paragraph\">A Federa\u00e7\u00e3o Nacional dos Auditores Fiscais de Tributos Municipais (Fenafim), com a colabora\u00e7\u00e3o do Sinfam (RN) e da Afisco (PR), atuou no caso do Munic\u00edpio de Taquaritinga (SP), em que a Administra\u00e7\u00e3o local pretendia passar para empresa privada atividades constantes das atribui\u00e7\u00f5es legais do Fisco, fun\u00e7\u00f5es t\u00edpicas de Estado.<\/p>\n\n\n\n<p class=\"wp-block-paragraph\">Em reuni\u00e3o com a advogada Ver\u00f4nica Tereza Cardoso, a Fenafim apresentou fundamentos jur\u00eddicos para a propositura do Mandado de Seguran\u00e7a que culminou com a concess\u00e3o da Medida Liminar que determina a recondu\u00e7\u00e3o imediata dos servidores ao quadro do Fisco municipal.<\/p>\n\n\n\n<p class=\"wp-block-paragraph\">A Federa\u00e7\u00e3o \u2014 passado esse momento judicial e restauradas a legalidade, a legitimidade de atua\u00e7\u00e3o do \u00f3rg\u00e3o arrecadador e a seguran\u00e7a jur\u00eddica tanto para a Fazenda P\u00fablica quanto para os contribuintes \u2014 segue \u00e0 disposi\u00e7\u00e3o para colaborar com Taquaritinga.  Sobretudo, para que a administra\u00e7\u00e3o tribut\u00e1ria conte com a estrutura administrativa e funcional que lhe proporcione um melhor funcionamento a fim de garantir a arrecada\u00e7\u00e3o que custeia todos os servi\u00e7os e pol\u00edticas p\u00fablicas indispens\u00e1veis \u00e0 popula\u00e7\u00e3o.<\/p>\n\n\n\n<p class=\"wp-block-paragraph\">Segue liminar: <a href=\"https:\/\/bit.ly\/416Hg5Y\">https:\/\/bit.ly\/416Hg5Y<\/a><\/p>\n","protected":false},"excerpt":{"rendered":"<p>A Federa\u00e7\u00e3o Nacional dos Auditores Fiscais de Tributos Municipais (Fenafim), com a colabora\u00e7\u00e3o do Sinfam (RN) e da Afisco (PR), atuou no caso do Munic\u00edpio de Taquaritinga (SP), em que &#8230;<\/p>\n","protected":false},"author":4,"featured_media":3582,"comment_status":"closed","ping_status":"open","sticky":false,"template":"","format":"standard","meta":{"_jetpack_newsletter_access":"","_jetpack_dont_email_post_to_subs":false,"_jetpack_newsletter_tier_id":0,"_jetpack_memberships_contains_paywalled_content":false,"_jetpack_feature_clip_id":0,"_jetpack_memberships_contains_paid_content":false,"footnotes":"","jetpack_post_was_ever_published":false},"categories":[187],"tags":[],"class_list":["post-3581","post","type-post","status-publish","format-standard","has-post-thumbnail","hentry","category-administracao-tributaria"],"jetpack_featured_media_url":"https:\/\/www.fenafim.org.br\/site\/wp-content\/uploads\/2023\/12\/justi\u00e7a-e1701788875707.jpg","jetpack_sharing_enabled":true,"_links":{"self":[{"href":"https:\/\/www.fenafim.org.br\/site\/wp-json\/wp\/v2\/posts\/3581","targetHints":{"allow":["GET"]}}],"collection":[{"href":"https:\/\/www.fenafim.org.br\/site\/wp-json\/wp\/v2\/posts"}],"about":[{"href":"https:\/\/www.fenafim.org.br\/site\/wp-json\/wp\/v2\/types\/post"}],"author":[{"embeddable":true,"href":"https:\/\/www.fenafim.org.br\/site\/wp-json\/wp\/v2\/users\/4"}],"replies":[{"embeddable":true,"href":"https:\/\/www.fenafim.org.br\/site\/wp-json\/wp\/v2\/comments?post=3581"}],"version-history":[{"count":3,"href":"https:\/\/www.fenafim.org.br\/site\/wp-json\/wp\/v2\/posts\/3581\/revisions"}],"predecessor-version":[{"id":3589,"href":"https:\/\/www.fenafim.org.br\/site\/wp-json\/wp\/v2\/posts\/3581\/revisions\/3589"}],"wp:featuredmedia":[{"embeddable":true,"href":"https:\/\/www.fenafim.org.br\/site\/wp-json\/wp\/v2\/media\/3582"}],"wp:attachment":[{"href":"https:\/\/www.fenafim.org.br\/site\/wp-json\/wp\/v2\/media?parent=3581"}],"wp:term":[{"taxonomy":"category","embeddable":true,"href":"https:\/\/www.fenafim.org.br\/site\/wp-json\/wp\/v2\/categories?post=3581"},{"taxonomy":"post_tag","embeddable":true,"href":"https:\/\/www.fenafim.org.br\/site\/wp-json\/wp\/v2\/tags?post=3581"}],"curies":[{"name":"wp","href":"https:\/\/api.w.org\/{rel}","templated":true}]}}