{"id":3504,"date":"2023-10-27T18:46:26","date_gmt":"2023-10-27T21:46:26","guid":{"rendered":"https:\/\/www.fenafim.org.br\/site\/?p=3504"},"modified":"2023-10-27T18:46:26","modified_gmt":"2023-10-27T21:46:26","slug":"fenafim-e-entidades-do-pacto-de-brasilia-se-reunem-com-deputado-mauro-benevides-filho","status":"publish","type":"post","link":"https:\/\/www.fenafim.org.br\/site\/2023\/10\/27\/fenafim-e-entidades-do-pacto-de-brasilia-se-reunem-com-deputado-mauro-benevides-filho\/","title":{"rendered":"Fenafim e entidades do Pacto de Bras\u00edlia se re\u00fanem com deputado Mauro Benevides Filho"},"content":{"rendered":"\n<p class=\"wp-block-paragraph\">A Federa\u00e7\u00e3o Nacional dos Auditores Fiscais de Tributos Municipais (Fenafim), representada por F\u00e1bio Mac\u00eado, e outras organiza\u00e7\u00f5es afiliadas ao Pacto de Bras\u00edlia se encontraram em Bras\u00edlia na quarta-feira (25\/10) para discutir aspectos da Reforma Tribut\u00e1ria com o deputado federal Mauro Benevides Filho (PDT-CE).<\/p>\n\n\n\n<p class=\"wp-block-paragraph\">Al\u00e9m da Fenafim, o Pacto de Bras\u00edlia inclui as entidades Anfip, Anafisco, Febrafisco, Sindifisco Nacional, Sindireceita e Unafisco Nacional. Durante a reuni\u00e3o, o grupo compartilhou suas impress\u00f5es sobre o relat\u00f3rio da Proposta de Emenda \u00e0 Constitui\u00e7\u00e3o (PEC) 45\/19, apresentado pelo senador Eduardo Braga (MDB-AM) \u00e0 Comiss\u00e3o de Constitui\u00e7\u00e3o e Justi\u00e7a (CCJ).<\/p>\n\n\n\n<p class=\"wp-block-paragraph\">Outro ponto de discuss\u00e3o foi a defini\u00e7\u00e3o das diretrizes para a elabora\u00e7\u00e3o do anteprojeto da Lei Org\u00e2nica da Administra\u00e7\u00e3o Tribut\u00e1ria. Na ocasi\u00e3o, o deputado reafirmou seu total apoio \u00e0s demandas do Pacto de Bras\u00edlia e ofereceu sua colabora\u00e7\u00e3o para ajudar na reda\u00e7\u00e3o da minuta.<br><br>#fenafim #reformatributaria #pactodebrasilia<\/p>\n","protected":false},"excerpt":{"rendered":"<p>A Federa\u00e7\u00e3o Nacional dos Auditores Fiscais de Tributos Municipais (Fenafim), representada por F\u00e1bio Mac\u00eado, e outras organiza\u00e7\u00f5es afiliadas ao Pacto de Bras\u00edlia se encontraram em Bras\u00edlia na quarta-feira (25\/10) para &#8230;<\/p>\n","protected":false},"author":4,"featured_media":3506,"comment_status":"closed","ping_status":"open","sticky":false,"template":"","format":"standard","meta":{"_jetpack_newsletter_access":"","_jetpack_dont_email_post_to_subs":false,"_jetpack_newsletter_tier_id":0,"_jetpack_memberships_contains_paywalled_content":false,"_jetpack_feature_clip_id":0,"_jetpack_memberships_contains_paid_content":false,"footnotes":"","jetpack_post_was_ever_published":false},"categories":[28],"tags":[],"class_list":["post-3504","post","type-post","status-publish","format-standard","has-post-thumbnail","hentry","category-reforma-tributaria"],"jetpack_featured_media_url":"https:\/\/www.fenafim.org.br\/site\/wp-content\/uploads\/2023\/10\/site-27-10.jpeg","jetpack_sharing_enabled":true,"_links":{"self":[{"href":"https:\/\/www.fenafim.org.br\/site\/wp-json\/wp\/v2\/posts\/3504","targetHints":{"allow":["GET"]}}],"collection":[{"href":"https:\/\/www.fenafim.org.br\/site\/wp-json\/wp\/v2\/posts"}],"about":[{"href":"https:\/\/www.fenafim.org.br\/site\/wp-json\/wp\/v2\/types\/post"}],"author":[{"embeddable":true,"href":"https:\/\/www.fenafim.org.br\/site\/wp-json\/wp\/v2\/users\/4"}],"replies":[{"embeddable":true,"href":"https:\/\/www.fenafim.org.br\/site\/wp-json\/wp\/v2\/comments?post=3504"}],"version-history":[{"count":1,"href":"https:\/\/www.fenafim.org.br\/site\/wp-json\/wp\/v2\/posts\/3504\/revisions"}],"predecessor-version":[{"id":3505,"href":"https:\/\/www.fenafim.org.br\/site\/wp-json\/wp\/v2\/posts\/3504\/revisions\/3505"}],"wp:featuredmedia":[{"embeddable":true,"href":"https:\/\/www.fenafim.org.br\/site\/wp-json\/wp\/v2\/media\/3506"}],"wp:attachment":[{"href":"https:\/\/www.fenafim.org.br\/site\/wp-json\/wp\/v2\/media?parent=3504"}],"wp:term":[{"taxonomy":"category","embeddable":true,"href":"https:\/\/www.fenafim.org.br\/site\/wp-json\/wp\/v2\/categories?post=3504"},{"taxonomy":"post_tag","embeddable":true,"href":"https:\/\/www.fenafim.org.br\/site\/wp-json\/wp\/v2\/tags?post=3504"}],"curies":[{"name":"wp","href":"https:\/\/api.w.org\/{rel}","templated":true}]}}