{"id":3424,"date":"2023-08-21T12:05:04","date_gmt":"2023-08-21T15:05:04","guid":{"rendered":"https:\/\/www.fenafim.org.br\/site\/?p=3424"},"modified":"2023-08-21T12:05:04","modified_gmt":"2023-08-21T15:05:04","slug":"fenafim-participa-do-1o-congresso-catarinense-de-administracao-tributaria-municipal","status":"publish","type":"post","link":"https:\/\/www.fenafim.org.br\/site\/2023\/08\/21\/fenafim-participa-do-1o-congresso-catarinense-de-administracao-tributaria-municipal\/","title":{"rendered":"Fenafim participa do 1\u00ba Congresso Catarinense de Administra\u00e7\u00e3o Tribut\u00e1ria Municipal"},"content":{"rendered":"\n<p class=\"has-normal-font-size\">A Federa\u00e7\u00e3o Nacional dos Auditores e Fiscais de Tributos Municipais (Fenafim) participou do I\u00ba Congresso Catarinense de Administra\u00e7\u00e3o Tribut\u00e1ria Municipal (CONCAAT) nos dias 17 e 18 de agosto. O evento foi promovido pela Associa\u00e7\u00e3o dos Fiscais e Auditores Tribut\u00e1rios Municipais do Estado de Santa Catarina (Afamesc), <\/p>\n\n\n\n<p class=\"has-normal-font-size\">O tema do I Regional Sul Anafisco foi \u201cIntegra\u00e7\u00e3o e coopera\u00e7\u00e3o como aliadas dos fiscais e auditores tribut\u00e1rios municipais em cen\u00e1rio de revis\u00e3o do Pacto Federativo Brasileiro\u201d.<\/p>\n\n\n\n<p class=\"has-normal-font-size\">F\u00e1bio Macedo, presidente da Fenafim, participou da mesa redonda sobre carreira e remunera\u00e7\u00e3o: \u201cFisco Municipal nos tr\u00eas estados do Sul e o contexto nacional\u201d.<\/p>\n\n\n\n<p class=\"has-normal-font-size\">O presidente refor\u00e7ou no painel que \u00e9 importante alertar sobre os riscos de pontos da Reforma Tribut\u00e1ria comprometerem a autonomia municipal na tributa\u00e7\u00e3o sobre o consumo.<\/p>\n\n\n\n<p class=\"has-normal-font-size\">\u201cIsso diz respeito principalmente a n\u00e3o transforma\u00e7\u00e3o da cota parte municipal do IBS estadual em receita pr\u00f3pria, pois praticamente suprimir\u00e1 a possibilidade de altera\u00e7\u00e3o da sua al\u00edquota\u201d, disse.<\/p>\n\n\n\n<p class=\"has-normal-font-size\">A compensa\u00e7\u00e3o das compras governamentais deve diminuir a al\u00edquota local, aumentar a depend\u00eancia do repasse estadual e a poss\u00edvel fixa\u00e7\u00e3o da al\u00edquota total m\u00e1xima vai inviabilizar algum ajuste que possa surtir incremento de receita relevante, prejudicando os munic\u00edpios com perdas expressivas. <\/p>\n\n\n\n<p class=\"has-normal-font-size\">\u201cO ponto de preocupa\u00e7\u00e3o \u00e9 a regra de transi\u00e7\u00e3o que depende de crescimento vigoroso da economia durante um longo per\u00edodo para evitar o congelamento, perda ou baix\u00edssimos crescimento de receitas, trazendo graves problemas or\u00e7ament\u00e1rios para as gest\u00f5es futuras de prefeitos e governadores com perdas expressivas em virtude das mudan\u00e7as\u201d, explicou F\u00e1bio.<\/p>\n\n\n\n<p class=\"has-normal-font-size\">\u201cFaz-se necess\u00e1rio mudan\u00e7a no modelo, tamb\u00e9m, pelo fato de queda de arrecada\u00e7\u00e3o global e necessidade de aumento da al\u00edquota de refer\u00eancia bem acima dos 25%\u201d, complementou o presidente.<\/p>\n","protected":false},"excerpt":{"rendered":"<p>A Federa\u00e7\u00e3o Nacional dos Auditores e Fiscais de Tributos Municipais (Fenafim) participou do I\u00ba Congresso Catarinense de Administra\u00e7\u00e3o Tribut\u00e1ria Municipal (CONCAAT) nos dias 17 e 18 de agosto. O evento &#8230;<\/p>\n","protected":false},"author":3,"featured_media":3423,"comment_status":"closed","ping_status":"open","sticky":false,"template":"","format":"standard","meta":{"_jetpack_memberships_contains_paid_content":false,"footnotes":""},"categories":[20],"tags":[179,142,55],"jetpack_sharing_enabled":true,"jetpack_featured_media_url":"https:\/\/www.fenafim.org.br\/site\/wp-content\/uploads\/2023\/08\/WhatsApp-Image-2023-08-21-at-11.42.01.jpeg","_links":{"self":[{"href":"https:\/\/www.fenafim.org.br\/site\/wp-json\/wp\/v2\/posts\/3424"}],"collection":[{"href":"https:\/\/www.fenafim.org.br\/site\/wp-json\/wp\/v2\/posts"}],"about":[{"href":"https:\/\/www.fenafim.org.br\/site\/wp-json\/wp\/v2\/types\/post"}],"author":[{"embeddable":true,"href":"https:\/\/www.fenafim.org.br\/site\/wp-json\/wp\/v2\/users\/3"}],"replies":[{"embeddable":true,"href":"https:\/\/www.fenafim.org.br\/site\/wp-json\/wp\/v2\/comments?post=3424"}],"version-history":[{"count":1,"href":"https:\/\/www.fenafim.org.br\/site\/wp-json\/wp\/v2\/posts\/3424\/revisions"}],"predecessor-version":[{"id":3425,"href":"https:\/\/www.fenafim.org.br\/site\/wp-json\/wp\/v2\/posts\/3424\/revisions\/3425"}],"wp:featuredmedia":[{"embeddable":true,"href":"https:\/\/www.fenafim.org.br\/site\/wp-json\/wp\/v2\/media\/3423"}],"wp:attachment":[{"href":"https:\/\/www.fenafim.org.br\/site\/wp-json\/wp\/v2\/media?parent=3424"}],"wp:term":[{"taxonomy":"category","embeddable":true,"href":"https:\/\/www.fenafim.org.br\/site\/wp-json\/wp\/v2\/categories?post=3424"},{"taxonomy":"post_tag","embeddable":true,"href":"https:\/\/www.fenafim.org.br\/site\/wp-json\/wp\/v2\/tags?post=3424"}],"curies":[{"name":"wp","href":"https:\/\/api.w.org\/{rel}","templated":true}]}}