{"id":3418,"date":"2023-08-16T10:16:06","date_gmt":"2023-08-16T13:16:06","guid":{"rendered":"https:\/\/www.fenafim.org.br\/site\/?p=3418"},"modified":"2023-08-16T10:16:06","modified_gmt":"2023-08-16T13:16:06","slug":"inscricoes-para-o-fit-2023-no-formato-online-estao-abertas-e-gratuitas","status":"publish","type":"post","link":"https:\/\/www.fenafim.org.br\/site\/2023\/08\/16\/inscricoes-para-o-fit-2023-no-formato-online-estao-abertas-e-gratuitas\/","title":{"rendered":"Inscri\u00e7\u00f5es para o FIT 2023 no formato online est\u00e3o abertas e gratuitas"},"content":{"rendered":"\n<p class=\"has-normal-font-size\">As inscri\u00e7\u00f5es da terceira edi\u00e7\u00e3o do F\u00f3rum Internacional Tribut\u00e1rio (FIT) para a participa\u00e7\u00e3o virtual ainda est\u00e3o dispon\u00edveis, de maneira gratuita, no site oficial do evento. No entanto, as inscri\u00e7\u00f5es para participa\u00e7\u00e3o presencial, em Bras\u00edlia, j\u00e1 foram encerradas. O evento vai acontecer entre os dias 28, 29 e 30 de agosto de 2023.  <\/p>\n\n\n\n<p class=\"has-normal-font-size\">Com o tema &#8220;Explorando a Tributa\u00e7\u00e3o Progressiva no Contexto Brasileiro e Experi\u00eancias Globais&#8221;, o FIT 2023 tem como objetivo fornecer subs\u00eddios ao governo e ao parlamento na formula\u00e7\u00e3o de reformas tribut\u00e1rias que incidam sobre rendas elevadas e riqueza, visando \u00e0 redu\u00e7\u00e3o das disparidades no sistema econ\u00f4mico do Brasil.<\/p>\n\n\n\n<p class=\"has-normal-font-size\">O F\u00f3rum contar\u00e1 com a coordena\u00e7\u00e3o t\u00e9cnica dos economistas Eduardo Fagnani e Pedro Humberto B. de Carvalho Junior.<\/p>\n\n\n\n<p class=\"has-normal-font-size\">O FIT 2023 \u00e9 uma iniciativa conjunta da Federa\u00e7\u00e3o Nacional do Fisco Estadual e Distrital (FENAFISCO), juntamente com a Associa\u00e7\u00e3o Nacional dos Auditores Fiscais da Receita Federal do Brasil (ANFIP) e o Sindicato Nacional dos Auditores-Fiscais da Receita Federal do Brasil (SINDIFISCO Nacional). <\/p>\n\n\n\n<p class=\"has-normal-font-size\">Al\u00e9m disso, o evento conta com o apoio da Federa\u00e7\u00e3o Nacional dos Auditores e Fiscais de Tributos Municipais (Fenafim).<\/p>\n\n\n\n<p class=\"has-normal-font-size\">A programa\u00e7\u00e3o completa e outras informa\u00e7\u00f5es relevantes podem ser encontradas no seguinte endere\u00e7o: <a href=\"https:\/\/forumfit.org.br\/\" target=\"_blank\" rel=\"noreferrer noopener\" aria-label=\"https:\/\/forumfit.org.br\/ (abre numa nova aba)\">https:\/\/forumfit.org.br\/<\/a><\/p>\n","protected":false},"excerpt":{"rendered":"<p>As inscri\u00e7\u00f5es da terceira edi\u00e7\u00e3o do F\u00f3rum Internacional Tribut\u00e1rio (FIT) para a participa\u00e7\u00e3o virtual ainda est\u00e3o dispon\u00edveis, de maneira gratuita, no site oficial do evento. No entanto, as inscri\u00e7\u00f5es para &#8230;<\/p>\n","protected":false},"author":3,"featured_media":3417,"comment_status":"closed","ping_status":"open","sticky":false,"template":"","format":"standard","meta":{"_jetpack_memberships_contains_paid_content":false,"footnotes":""},"categories":[1],"tags":[55,176,177],"jetpack_sharing_enabled":true,"jetpack_featured_media_url":"https:\/\/www.fenafim.org.br\/site\/wp-content\/uploads\/2023\/08\/WhatsApp-Image-2023-08-15-at-17.30.45.jpeg","_links":{"self":[{"href":"https:\/\/www.fenafim.org.br\/site\/wp-json\/wp\/v2\/posts\/3418"}],"collection":[{"href":"https:\/\/www.fenafim.org.br\/site\/wp-json\/wp\/v2\/posts"}],"about":[{"href":"https:\/\/www.fenafim.org.br\/site\/wp-json\/wp\/v2\/types\/post"}],"author":[{"embeddable":true,"href":"https:\/\/www.fenafim.org.br\/site\/wp-json\/wp\/v2\/users\/3"}],"replies":[{"embeddable":true,"href":"https:\/\/www.fenafim.org.br\/site\/wp-json\/wp\/v2\/comments?post=3418"}],"version-history":[{"count":1,"href":"https:\/\/www.fenafim.org.br\/site\/wp-json\/wp\/v2\/posts\/3418\/revisions"}],"predecessor-version":[{"id":3419,"href":"https:\/\/www.fenafim.org.br\/site\/wp-json\/wp\/v2\/posts\/3418\/revisions\/3419"}],"wp:featuredmedia":[{"embeddable":true,"href":"https:\/\/www.fenafim.org.br\/site\/wp-json\/wp\/v2\/media\/3417"}],"wp:attachment":[{"href":"https:\/\/www.fenafim.org.br\/site\/wp-json\/wp\/v2\/media?parent=3418"}],"wp:term":[{"taxonomy":"category","embeddable":true,"href":"https:\/\/www.fenafim.org.br\/site\/wp-json\/wp\/v2\/categories?post=3418"},{"taxonomy":"post_tag","embeddable":true,"href":"https:\/\/www.fenafim.org.br\/site\/wp-json\/wp\/v2\/tags?post=3418"}],"curies":[{"name":"wp","href":"https:\/\/api.w.org\/{rel}","templated":true}]}}