{"id":3397,"date":"2023-08-10T10:53:08","date_gmt":"2023-08-10T13:53:08","guid":{"rendered":"https:\/\/www.fenafim.org.br\/site\/?p=3397"},"modified":"2023-08-10T10:53:08","modified_gmt":"2023-08-10T13:53:08","slug":"fenafim-se-reune-com-o-senador-efraim-filho","status":"publish","type":"post","link":"https:\/\/www.fenafim.org.br\/site\/2023\/08\/10\/fenafim-se-reune-com-o-senador-efraim-filho\/","title":{"rendered":"Fenafim se re\u00fane com o senador Efraim Filho"},"content":{"rendered":"\n<p class=\"has-normal-font-size\">A Federa\u00e7\u00e3o Nacional dos Auditores e dos Fiscais de Tributos Municipais (Fenafim) convidou o senador Efraim Filho (Uni\u00e3o-PB) para participar do F\u00f3rum Internacional Tribut\u00e1rio de 2023 (FIT 23). O evento, apoiado pela Fenafim, vai acontecer nos dias 28 a 30 de agosto em Bras\u00edlia<\/p>\n\n\n\n<p class=\"has-normal-font-size\">Na ocasi\u00e3o, F\u00e1bio Mac\u00eado, presidente da Fenafim, apresentou estudos sobre a necessidade de ajustes na partilha com o objetivo de evitar o enfraquecimento dos munic\u00edpios com o aumento da depend\u00eancia de repasses e diminui\u00e7\u00e3o da receita pr\u00f3pria e autonomia municipal. <\/p>\n\n\n\n<p class=\"has-normal-font-size\">O senador pediu, al\u00e9m da entrega de uma nota t\u00e9cnica, uma minuta de proposi\u00e7\u00e3o de emenda. Tamb\u00e9m participaram do encontro Carlos Trindade, vice-presidente da Fenafim da regi\u00e3o Nordeste e Charles Caldeira, representante do fisco de Rio Branco (AC).<\/p>\n","protected":false},"excerpt":{"rendered":"<p>A Federa\u00e7\u00e3o Nacional dos Auditores e dos Fiscais de Tributos Municipais (Fenafim) convidou o senador Efraim Filho (Uni\u00e3o-PB) para participar do F\u00f3rum Internacional Tribut\u00e1rio de 2023 (FIT 23). O evento, &#8230;<\/p>\n","protected":false},"author":3,"featured_media":3396,"comment_status":"closed","ping_status":"open","sticky":false,"template":"","format":"standard","meta":{"_jetpack_memberships_contains_paid_content":false,"footnotes":""},"categories":[20],"tags":[55,171],"jetpack_sharing_enabled":true,"jetpack_featured_media_url":"https:\/\/www.fenafim.org.br\/site\/wp-content\/uploads\/2023\/08\/WhatsApp-Image-2023-08-10-at-10.41.38.jpeg","_links":{"self":[{"href":"https:\/\/www.fenafim.org.br\/site\/wp-json\/wp\/v2\/posts\/3397"}],"collection":[{"href":"https:\/\/www.fenafim.org.br\/site\/wp-json\/wp\/v2\/posts"}],"about":[{"href":"https:\/\/www.fenafim.org.br\/site\/wp-json\/wp\/v2\/types\/post"}],"author":[{"embeddable":true,"href":"https:\/\/www.fenafim.org.br\/site\/wp-json\/wp\/v2\/users\/3"}],"replies":[{"embeddable":true,"href":"https:\/\/www.fenafim.org.br\/site\/wp-json\/wp\/v2\/comments?post=3397"}],"version-history":[{"count":1,"href":"https:\/\/www.fenafim.org.br\/site\/wp-json\/wp\/v2\/posts\/3397\/revisions"}],"predecessor-version":[{"id":3398,"href":"https:\/\/www.fenafim.org.br\/site\/wp-json\/wp\/v2\/posts\/3397\/revisions\/3398"}],"wp:featuredmedia":[{"embeddable":true,"href":"https:\/\/www.fenafim.org.br\/site\/wp-json\/wp\/v2\/media\/3396"}],"wp:attachment":[{"href":"https:\/\/www.fenafim.org.br\/site\/wp-json\/wp\/v2\/media?parent=3397"}],"wp:term":[{"taxonomy":"category","embeddable":true,"href":"https:\/\/www.fenafim.org.br\/site\/wp-json\/wp\/v2\/categories?post=3397"},{"taxonomy":"post_tag","embeddable":true,"href":"https:\/\/www.fenafim.org.br\/site\/wp-json\/wp\/v2\/tags?post=3397"}],"curies":[{"name":"wp","href":"https:\/\/api.w.org\/{rel}","templated":true}]}}