{"id":3318,"date":"2023-06-22T08:58:17","date_gmt":"2023-06-22T11:58:17","guid":{"rendered":"https:\/\/www.fenafim.org.br\/site\/?p=3318"},"modified":"2023-06-22T08:58:17","modified_gmt":"2023-06-22T11:58:17","slug":"fenafim-visita-a-secretaria-de-financas-do-cabo-de-santo-agostinho","status":"publish","type":"post","link":"https:\/\/www.fenafim.org.br\/site\/2023\/06\/22\/fenafim-visita-a-secretaria-de-financas-do-cabo-de-santo-agostinho\/","title":{"rendered":"Fenafim visita a Secretaria de Finan\u00e7as do Cabo de Santo Agostinho"},"content":{"rendered":"\n<p class=\"has-normal-font-size\">O presidente da Federa\u00e7\u00e3o Nacional dos Auditores de Tributos Municipais (Fenafim), F\u00e1bio Mac\u00eado, visitou a Secretaria de Finan\u00e7as da Prefeitura do Cabo de Santo Agostinho e a sua equipe, nesta quarta-feira (21\/06).<\/p>\n\n\n\n<p class=\"has-normal-font-size\">Na ocasi\u00e3o, F\u00e1bio explanou sobre o cen\u00e1rio da Reforma Tribut\u00e1ria e as preocupa\u00e7\u00f5es sobre a aprova\u00e7\u00e3o dela como consta nos moldes da PEC 45 e PEC 110\/2019.<\/p>\n\n\n\n<p class=\"has-normal-font-size\">Estiveram presentes, al\u00e9m do presidente, Ivo Tiburcio, auditor tribut\u00e1rio; Sizenalda Tim\u00f3teo, secret\u00e1ria de Finan\u00e7as e Arrecada\u00e7\u00e3o; Albert August, auditor tribut\u00e1rio e Michel Sued Camilo, auditor tribut\u00e1rio.<\/p>\n\n\n\n<p>Reda\u00e7\u00e3o: Manuela Figuer\u00eado<\/p>\n\n\n\n<h1 class=\"wp-block-heading\"><\/h1>\n","protected":false},"excerpt":{"rendered":"<p>O presidente da Federa\u00e7\u00e3o Nacional dos Auditores de Tributos Municipais (Fenafim), F\u00e1bio Mac\u00eado, visitou a Secretaria de Finan\u00e7as da Prefeitura do Cabo de Santo Agostinho e a sua equipe, nesta &#8230;<\/p>\n","protected":false},"author":3,"featured_media":3317,"comment_status":"closed","ping_status":"open","sticky":false,"template":"","format":"standard","meta":{"_jetpack_memberships_contains_paid_content":false,"footnotes":""},"categories":[1],"tags":[155,55,154,153],"jetpack_sharing_enabled":true,"jetpack_featured_media_url":"https:\/\/www.fenafim.org.br\/site\/wp-content\/uploads\/2023\/06\/WhatsApp-Image-2023-06-21-at-17.11.08.jpeg","_links":{"self":[{"href":"https:\/\/www.fenafim.org.br\/site\/wp-json\/wp\/v2\/posts\/3318"}],"collection":[{"href":"https:\/\/www.fenafim.org.br\/site\/wp-json\/wp\/v2\/posts"}],"about":[{"href":"https:\/\/www.fenafim.org.br\/site\/wp-json\/wp\/v2\/types\/post"}],"author":[{"embeddable":true,"href":"https:\/\/www.fenafim.org.br\/site\/wp-json\/wp\/v2\/users\/3"}],"replies":[{"embeddable":true,"href":"https:\/\/www.fenafim.org.br\/site\/wp-json\/wp\/v2\/comments?post=3318"}],"version-history":[{"count":1,"href":"https:\/\/www.fenafim.org.br\/site\/wp-json\/wp\/v2\/posts\/3318\/revisions"}],"predecessor-version":[{"id":3319,"href":"https:\/\/www.fenafim.org.br\/site\/wp-json\/wp\/v2\/posts\/3318\/revisions\/3319"}],"wp:featuredmedia":[{"embeddable":true,"href":"https:\/\/www.fenafim.org.br\/site\/wp-json\/wp\/v2\/media\/3317"}],"wp:attachment":[{"href":"https:\/\/www.fenafim.org.br\/site\/wp-json\/wp\/v2\/media?parent=3318"}],"wp:term":[{"taxonomy":"category","embeddable":true,"href":"https:\/\/www.fenafim.org.br\/site\/wp-json\/wp\/v2\/categories?post=3318"},{"taxonomy":"post_tag","embeddable":true,"href":"https:\/\/www.fenafim.org.br\/site\/wp-json\/wp\/v2\/tags?post=3318"}],"curies":[{"name":"wp","href":"https:\/\/api.w.org\/{rel}","templated":true}]}}