{"id":3299,"date":"2023-06-07T11:45:56","date_gmt":"2023-06-07T14:45:56","guid":{"rendered":"https:\/\/www.fenafim.org.br\/site\/?p=3299"},"modified":"2023-06-07T11:45:56","modified_gmt":"2023-06-07T14:45:56","slug":"relatorio-do-gt-da-reforma-tributaria-e-divulgado","status":"publish","type":"post","link":"https:\/\/www.fenafim.org.br\/site\/2023\/06\/07\/relatorio-do-gt-da-reforma-tributaria-e-divulgado\/","title":{"rendered":"Relat\u00f3rio do GT da Reforma Tribut\u00e1ria \u00e9 divulgado"},"content":{"rendered":"\n<p><em>A Fenafim foi representada no documento por Artur Mattos, vice-presidente da institui\u00e7\u00e3o<\/em><\/p>\n\n\n\n<p class=\"has-normal-font-size\">O relat\u00f3rio do grupo de trabalho com o prop\u00f3sito de analisar e debater a Proposta de Emenda \u00e0 Constitui\u00e7\u00e3o (PEC) 45\/2019, que trata da Reforma Tribut\u00e1ria foi apresentado, na ter\u00e7a-feira (06\/06), pelo deputado federal Aguinaldo Ribeiro (PP\u2013PB).<\/p>\n\n\n\n<p class=\"has-normal-font-size\">A Federa\u00e7\u00e3o Nacional dos Auditores e Fiscais de Tributos Municipais (Fenafim) foi representada por Artur Mattos, vice-presidente da institui\u00e7\u00e3o, que participou da audi\u00eancia do dia 22 de mar\u00e7o de 2023. <\/p>\n\n\n\n<p>Reda\u00e7\u00e3o: Manuela Figuer\u00eado<\/p>\n","protected":false},"excerpt":{"rendered":"<p>A Fenafim foi representada no documento por Artur Mattos, vice-presidente da institui\u00e7\u00e3o O relat\u00f3rio do grupo de trabalho com o prop\u00f3sito de analisar e debater a Proposta de Emenda \u00e0 &#8230;<\/p>\n","protected":false},"author":3,"featured_media":3298,"comment_status":"closed","ping_status":"open","sticky":false,"template":"","format":"standard","meta":{"_jetpack_memberships_contains_paid_content":false,"footnotes":""},"categories":[20],"tags":[55,77,145],"jetpack_sharing_enabled":true,"jetpack_featured_media_url":"https:\/\/www.fenafim.org.br\/site\/wp-content\/uploads\/2023\/06\/WhatsApp-Image-2023-06-07-at-11.31.02.jpeg","_links":{"self":[{"href":"https:\/\/www.fenafim.org.br\/site\/wp-json\/wp\/v2\/posts\/3299"}],"collection":[{"href":"https:\/\/www.fenafim.org.br\/site\/wp-json\/wp\/v2\/posts"}],"about":[{"href":"https:\/\/www.fenafim.org.br\/site\/wp-json\/wp\/v2\/types\/post"}],"author":[{"embeddable":true,"href":"https:\/\/www.fenafim.org.br\/site\/wp-json\/wp\/v2\/users\/3"}],"replies":[{"embeddable":true,"href":"https:\/\/www.fenafim.org.br\/site\/wp-json\/wp\/v2\/comments?post=3299"}],"version-history":[{"count":1,"href":"https:\/\/www.fenafim.org.br\/site\/wp-json\/wp\/v2\/posts\/3299\/revisions"}],"predecessor-version":[{"id":3300,"href":"https:\/\/www.fenafim.org.br\/site\/wp-json\/wp\/v2\/posts\/3299\/revisions\/3300"}],"wp:featuredmedia":[{"embeddable":true,"href":"https:\/\/www.fenafim.org.br\/site\/wp-json\/wp\/v2\/media\/3298"}],"wp:attachment":[{"href":"https:\/\/www.fenafim.org.br\/site\/wp-json\/wp\/v2\/media?parent=3299"}],"wp:term":[{"taxonomy":"category","embeddable":true,"href":"https:\/\/www.fenafim.org.br\/site\/wp-json\/wp\/v2\/categories?post=3299"},{"taxonomy":"post_tag","embeddable":true,"href":"https:\/\/www.fenafim.org.br\/site\/wp-json\/wp\/v2\/tags?post=3299"}],"curies":[{"name":"wp","href":"https:\/\/api.w.org\/{rel}","templated":true}]}}