{"id":3259,"date":"2023-05-09T13:43:13","date_gmt":"2023-05-09T16:43:13","guid":{"rendered":"https:\/\/www.fenafim.org.br\/site\/?p=3259"},"modified":"2023-05-09T13:43:13","modified_gmt":"2023-05-09T16:43:13","slug":"fenafim-participou-do-ii-congresso-internacional-de-direito-tributario-do-iat","status":"publish","type":"post","link":"https:\/\/www.fenafim.org.br\/site\/2023\/05\/09\/fenafim-participou-do-ii-congresso-internacional-de-direito-tributario-do-iat\/","title":{"rendered":"Fenafim participou do II Congresso Internacional de Direito Tribut\u00e1rio do IAT"},"content":{"rendered":"\n<p><em>Artur Mattos, vice-presidente da Fenafim, esteve presente no evento<\/em><\/p>\n\n\n\n<p class=\"has-normal-font-size\">A FENAFIM participou do II Congresso Internacional de Direito Tribut\u00e1rio do IAT (Instituto de Aplica\u00e7\u00e3o do Tributo), que aconteceu em Trancoso (Porto Seguro), na Bahia, entre os dias 3 e 5 de maio. A institui\u00e7\u00e3o foi representada por Artur Mattos, vice-presidente da Fenafim e Diretor de Assuntos Parlamentares e Rela\u00e7\u00e3o Regional da Associa\u00e7\u00e3o Baiana dos Auditores e Fiscais Municipais (ABAM).<\/p>\n\n\n\n<p class=\"has-normal-font-size\">\u201cO objeto central do Congresso foi discutir as reformas tribut\u00e1rias, seja sobre consumo, sobre renda ou sobre patrim\u00f4nio\u201d, explica Artur. Ele tamb\u00e9m conta que foram tratadas quest\u00f5es de transa\u00e7\u00e3o e arbitragem da a\u00e7\u00e3o em pagamento que est\u00e3o em discuss\u00e3o, criando uma sistem\u00e1tica na rela\u00e7\u00e3o fisco versus contribuinte. Al\u00e9m disso, foi discutida a perspectiva da tributa\u00e7\u00e3o sobre atividades do mundo digital.<\/p>\n\n\n\n<p class=\"has-normal-font-size\">O Congresso reuniu profissionais que atuam com o Direito Tribut\u00e1rio em todo o pa\u00eds e no exterior, com o objetivo de trocar experi\u00eancias e promover o debate entre participantes da iniciativa privada e do poder p\u00fablico, incluindo os mais destacados profissionais que pensam e fazem o Direito Tribut\u00e1rio de hoje e de amanh\u00e3.<\/p>\n\n\n\n<p class=\"has-normal-font-size\">Foram 35 mesas e 180 palestrantes. Artur participou da mesa sobre Consensualidade Tribut\u00e1ria nos Estados e nos Munic\u00edpios. O vice-presidente falou sobre a transa\u00e7\u00e3o, especificamente os problemas que podem ocorrer na transa\u00e7\u00e3o tribut\u00e1ria, benef\u00edcios e as dificuldades, al\u00e9m da antecipa\u00e7\u00e3o da opera\u00e7\u00e3o da transa\u00e7\u00e3o. \u201cOu seja, evitar o conflito antes, reduzindo a necessidade de transa\u00e7\u00f5es.\u201d, explica. O Congresso, que teve apoio da FENAFIM, foi tido como muito positivo.<\/p>\n\n\n\n<p>Reda\u00e7\u00e3o: Manuela Figuer\u00eado<\/p>\n\n\n\n<p><\/p>\n","protected":false},"excerpt":{"rendered":"<p>Artur Mattos, vice-presidente da Fenafim, esteve presente no evento A FENAFIM participou do II Congresso Internacional de Direito Tribut\u00e1rio do IAT (Instituto de Aplica\u00e7\u00e3o do Tributo), que aconteceu em Trancoso &#8230;<\/p>\n","protected":false},"author":3,"featured_media":3258,"comment_status":"closed","ping_status":"open","sticky":false,"template":"","format":"standard","meta":{"_jetpack_memberships_contains_paid_content":false,"footnotes":""},"categories":[1],"tags":[142,143,55,141],"jetpack_sharing_enabled":true,"jetpack_featured_media_url":"https:\/\/www.fenafim.org.br\/site\/wp-content\/uploads\/2023\/05\/WhatsApp-Image-2023-05-09-at-11.18.50.jpeg","_links":{"self":[{"href":"https:\/\/www.fenafim.org.br\/site\/wp-json\/wp\/v2\/posts\/3259"}],"collection":[{"href":"https:\/\/www.fenafim.org.br\/site\/wp-json\/wp\/v2\/posts"}],"about":[{"href":"https:\/\/www.fenafim.org.br\/site\/wp-json\/wp\/v2\/types\/post"}],"author":[{"embeddable":true,"href":"https:\/\/www.fenafim.org.br\/site\/wp-json\/wp\/v2\/users\/3"}],"replies":[{"embeddable":true,"href":"https:\/\/www.fenafim.org.br\/site\/wp-json\/wp\/v2\/comments?post=3259"}],"version-history":[{"count":1,"href":"https:\/\/www.fenafim.org.br\/site\/wp-json\/wp\/v2\/posts\/3259\/revisions"}],"predecessor-version":[{"id":3260,"href":"https:\/\/www.fenafim.org.br\/site\/wp-json\/wp\/v2\/posts\/3259\/revisions\/3260"}],"wp:featuredmedia":[{"embeddable":true,"href":"https:\/\/www.fenafim.org.br\/site\/wp-json\/wp\/v2\/media\/3258"}],"wp:attachment":[{"href":"https:\/\/www.fenafim.org.br\/site\/wp-json\/wp\/v2\/media?parent=3259"}],"wp:term":[{"taxonomy":"category","embeddable":true,"href":"https:\/\/www.fenafim.org.br\/site\/wp-json\/wp\/v2\/categories?post=3259"},{"taxonomy":"post_tag","embeddable":true,"href":"https:\/\/www.fenafim.org.br\/site\/wp-json\/wp\/v2\/tags?post=3259"}],"curies":[{"name":"wp","href":"https:\/\/api.w.org\/{rel}","templated":true}]}}