{"id":3212,"date":"2023-04-03T18:37:34","date_gmt":"2023-04-03T21:37:34","guid":{"rendered":"https:\/\/www.fenafim.org.br\/site\/?p=3212"},"modified":"2023-04-03T18:37:34","modified_gmt":"2023-04-03T21:37:34","slug":"fenafim-anafisco-asfim-e-afrem-se-encontram-com-senador-rodrigo-cunha-para-discutir-reforma-tributaria","status":"publish","type":"post","link":"https:\/\/www.fenafim.org.br\/site\/2023\/04\/03\/fenafim-anafisco-asfim-e-afrem-se-encontram-com-senador-rodrigo-cunha-para-discutir-reforma-tributaria\/","title":{"rendered":"Fenafim, Anafisco, Asfim e Afrem se encontram com senador Rodrigo Cunha para discutir reforma tribut\u00e1ria"},"content":{"rendered":"\n<p class=\"has-normal-font-size\">Representantes da Fenafim, Anafisco, Asfim e Afrem se reuniram em Macei\u00f3 (AL), nesta segunda-feira (3\/4), com o Senador Rodrigo Cunha (Uni\u00e3o Brasil) de Alagoas, para debater pontos da reforma tribut\u00e1ria e quest\u00f5es que dizem respeito ao munic\u00edpio.<\/p>\n\n\n\n<p class=\"has-normal-font-size\">C\u00e1ssio Vieira, presidente da Anafisco (Associa\u00e7\u00e3o Nacional dos Auditores Fiscais de Tributos dos Munic\u00edpios e Distrito Federal) participou da reuni\u00e3o e explicou que o senador recebeu as entidades representativas dos auditores fiscais municipais. \u201cEle solicitou um material que fornecesse uma exposi\u00e7\u00e3o mais detalhada dos temas abordados e comprometeu-se a levar tais assuntos para discuss\u00e3o no \u00e2mbito de seu partido.\u201d<\/p>\n\n\n\n<p class=\"has-normal-font-size\">A reuni\u00e3o \u00e9 vista como positiva e necess\u00e1ria para os participantes. \u201cConsidero um marco na reuni\u00e3o da discuss\u00e3o da PEC 46\/2022,  pois dependemos dos parlamentares para encampar essa proposta e as demais demandas\u201d, refor\u00e7a Edson Pina, presidente da ASFIM (Associa\u00e7\u00e3o do Fisco de Macei\u00f3).<\/p>\n\n\n\n<p class=\"has-normal-font-size\">Para o presidente da Federa\u00e7\u00e3o Nacional dos Auditores e dos Fiscais de Tributos Municipais (Fenafim), F\u00e1bio Mac\u00eado, tamb\u00e9m presente, \u00e9 \u201cimportante levarmos aos parlamentares preocupa\u00e7\u00f5es do fisco com a reforma tribut\u00e1ria e seus impactos nas contas municipais. Aproveitamos para relatar outros assuntos de relevo municipal com impacto na presta\u00e7\u00e3o de servi\u00e7os p\u00fablicos.\u201d<\/p>\n\n\n\n<p class=\"has-normal-font-size\">Na imagem, est\u00e3o, da esquerda para direita: <\/p>\n\n\n\n<p class=\"has-normal-font-size\">F\u00e1bio Soares, vice-presidente da ASFIM; Luiz Ferreira, vice-presidente da Anafisco; C\u00e1ssio Vieira, presidente da Anafisco; Senador Rodrigo Cunha; Odinaldo Izidoro, diretor da ASFIM; F\u00e1bio Mac\u00eado, presidente da Fenafim;  Edson Pina, presidente da ASFIM e Jo\u00e3o Victor, secret\u00e1rio geral da Afrem Sindical.<\/p>\n\n\n\n<p style=\"font-size:14px\">Reda\u00e7\u00e3o: Manuela Figuer\u00eado<\/p>\n","protected":false},"excerpt":{"rendered":"<p>Representantes da Fenafim, Anafisco, Asfim e Afrem se reuniram em Macei\u00f3 (AL), nesta segunda-feira (3\/4), com o Senador Rodrigo Cunha (Uni\u00e3o Brasil) de Alagoas, para debater pontos da reforma tribut\u00e1ria &#8230;<\/p>\n","protected":false},"author":3,"featured_media":3211,"comment_status":"closed","ping_status":"open","sticky":false,"template":"","format":"standard","meta":{"_jetpack_memberships_contains_paid_content":false,"footnotes":""},"categories":[20],"tags":[62,123,55,77],"jetpack_sharing_enabled":true,"jetpack_featured_media_url":"https:\/\/www.fenafim.org.br\/site\/wp-content\/uploads\/2023\/04\/WhatsApp-Image-2023-04-03-at-18.32.34.jpeg","_links":{"self":[{"href":"https:\/\/www.fenafim.org.br\/site\/wp-json\/wp\/v2\/posts\/3212"}],"collection":[{"href":"https:\/\/www.fenafim.org.br\/site\/wp-json\/wp\/v2\/posts"}],"about":[{"href":"https:\/\/www.fenafim.org.br\/site\/wp-json\/wp\/v2\/types\/post"}],"author":[{"embeddable":true,"href":"https:\/\/www.fenafim.org.br\/site\/wp-json\/wp\/v2\/users\/3"}],"replies":[{"embeddable":true,"href":"https:\/\/www.fenafim.org.br\/site\/wp-json\/wp\/v2\/comments?post=3212"}],"version-history":[{"count":1,"href":"https:\/\/www.fenafim.org.br\/site\/wp-json\/wp\/v2\/posts\/3212\/revisions"}],"predecessor-version":[{"id":3213,"href":"https:\/\/www.fenafim.org.br\/site\/wp-json\/wp\/v2\/posts\/3212\/revisions\/3213"}],"wp:featuredmedia":[{"embeddable":true,"href":"https:\/\/www.fenafim.org.br\/site\/wp-json\/wp\/v2\/media\/3211"}],"wp:attachment":[{"href":"https:\/\/www.fenafim.org.br\/site\/wp-json\/wp\/v2\/media?parent=3212"}],"wp:term":[{"taxonomy":"category","embeddable":true,"href":"https:\/\/www.fenafim.org.br\/site\/wp-json\/wp\/v2\/categories?post=3212"},{"taxonomy":"post_tag","embeddable":true,"href":"https:\/\/www.fenafim.org.br\/site\/wp-json\/wp\/v2\/tags?post=3212"}],"curies":[{"name":"wp","href":"https:\/\/api.w.org\/{rel}","templated":true}]}}