{"id":2980,"date":"2022-08-26T13:24:23","date_gmt":"2022-08-26T16:24:23","guid":{"rendered":"https:\/\/www.fenafim.org.br\/site\/?p=2980"},"modified":"2022-08-26T13:41:44","modified_gmt":"2022-08-26T16:41:44","slug":"fenafim-e-anafisco-articulam-apoio-a-emenda-do-senador-marcelo-castro","status":"publish","type":"post","link":"https:\/\/www.fenafim.org.br\/site\/2022\/08\/26\/fenafim-e-anafisco-articulam-apoio-a-emenda-do-senador-marcelo-castro\/","title":{"rendered":"Fenafim e Anafisco articulam apoio \u00e0 emenda do senador Marcelo Castro"},"content":{"rendered":"\n<p>Esta semana foram visitados 17 gabinetes no Senado<\/p>\n\n\n\n<p class=\"has-normal-font-size\">O\npresidente da Federa\u00e7\u00e3o Nacional de Auditores e Fiscais de Tributos Municipais\n(Fenafim) e presidente do Sindicato dos Fazend\u00e1rios do Recife (Afrem Sindical),\nF\u00e1bio Mac\u00eado, e o presidente da Associa\u00e7\u00e3o Nacional dos Auditores Fiscais de\nTributos dos Munic\u00edpios e do Distrito Federal (Anafisco), C\u00e1ssio Vieira,\nrealizaram, nos dias 24 e 25\/8, visitas a 17 gabinetes de senadores, em\nBras\u00edlia. O objetivo foi articular apoio a uma emenda do senador Marcelo Castro\n(MDB-PI) \u00e0 PEC 63\/2013. <\/p>\n\n\n\n<p class=\"has-normal-font-size\">Trata-se de uma emenda que poder\u00e1 favorecer a autonomia municipal, pois pretende alterar o par\u00e1grafo 12, do Artigo n\u00ba 37 da CF\/88, conferindo a mesma prerrogativa dos estados e do DF de estabelecer o teto remunerat\u00f3rio para os servidores. Neste caso, o teto deixaria de estar vinculado ao subs\u00eddio do chefe do executivo municipal. <\/p>\n\n\n\n<p class=\"has-normal-font-size\">\u201cO senador Lucas Barreto (PSD-AP) confirmou que j\u00e1 subscreveu a emenda\u201d, informou F\u00e1bio Mac\u00eado. <\/p>\n\n\n\n<p class=\"has-normal-font-size\">Conhe\u00e7a os gabinetes dos senadores que foram visitados: Zequinha Marinho (PL-PA); Jorge Kajur\u00fa (Podemos-GO); Giordano (MDB-SP); Eduardo Gir\u00e3o (Podemos-CE); Carlos Viana (PL-MG); Alexandre Silveira (PSD-MG); Acir Gurgacz (PDT-RO); Daniela Ribeiro (PSD-PB); Telm\u00e1rio Mota (PROS-RR); Mecias de Jesus (Republicanos-RR); Lasier Martins (Podemos-RS); Pl\u00ednio Val\u00e9rio (PSDB-AM); Luiz Carlos do Carmo&nbsp; (PSC-GO); Jorginho Melo (PL-SC); Lucas Barreto (PSD-AP); Alessandro Vieira (PSDB-SE); e Dra. Eud\u00f3cia (PSB-AL). <\/p>\n\n\n\n<p>Reda\u00e7\u00e3o: Andr\u00e9a Pessoa &#8211; @mandalaconsultoria<br><br>#Fenafim<br>#Anafisco<br>#fiscomunicipal<br>#Senado<br>#fazend\u00e1rios<\/p>\n","protected":false},"excerpt":{"rendered":"<p>Esta semana foram visitados 17 gabinetes no Senado O presidente da Federa\u00e7\u00e3o Nacional de Auditores e Fiscais de Tributos Municipais (Fenafim) e presidente do Sindicato dos Fazend\u00e1rios do Recife (Afrem &#8230;<\/p>\n","protected":false},"author":3,"featured_media":2979,"comment_status":"closed","ping_status":"open","sticky":false,"template":"","format":"standard","meta":{"_jetpack_memberships_contains_paid_content":false,"footnotes":""},"categories":[20],"tags":[66,55,57,59,58],"jetpack_sharing_enabled":true,"jetpack_featured_media_url":"https:\/\/www.fenafim.org.br\/site\/wp-content\/uploads\/2022\/08\/Fen-Anaf15.55.02.jpeg","_links":{"self":[{"href":"https:\/\/www.fenafim.org.br\/site\/wp-json\/wp\/v2\/posts\/2980"}],"collection":[{"href":"https:\/\/www.fenafim.org.br\/site\/wp-json\/wp\/v2\/posts"}],"about":[{"href":"https:\/\/www.fenafim.org.br\/site\/wp-json\/wp\/v2\/types\/post"}],"author":[{"embeddable":true,"href":"https:\/\/www.fenafim.org.br\/site\/wp-json\/wp\/v2\/users\/3"}],"replies":[{"embeddable":true,"href":"https:\/\/www.fenafim.org.br\/site\/wp-json\/wp\/v2\/comments?post=2980"}],"version-history":[{"count":2,"href":"https:\/\/www.fenafim.org.br\/site\/wp-json\/wp\/v2\/posts\/2980\/revisions"}],"predecessor-version":[{"id":2982,"href":"https:\/\/www.fenafim.org.br\/site\/wp-json\/wp\/v2\/posts\/2980\/revisions\/2982"}],"wp:featuredmedia":[{"embeddable":true,"href":"https:\/\/www.fenafim.org.br\/site\/wp-json\/wp\/v2\/media\/2979"}],"wp:attachment":[{"href":"https:\/\/www.fenafim.org.br\/site\/wp-json\/wp\/v2\/media?parent=2980"}],"wp:term":[{"taxonomy":"category","embeddable":true,"href":"https:\/\/www.fenafim.org.br\/site\/wp-json\/wp\/v2\/categories?post=2980"},{"taxonomy":"post_tag","embeddable":true,"href":"https:\/\/www.fenafim.org.br\/site\/wp-json\/wp\/v2\/tags?post=2980"}],"curies":[{"name":"wp","href":"https:\/\/api.w.org\/{rel}","templated":true}]}}