{"id":2827,"date":"2022-05-06T11:32:13","date_gmt":"2022-05-06T14:32:13","guid":{"rendered":"https:\/\/www.fenafim.org.br\/site\/?p=2827"},"modified":"2022-05-06T11:32:13","modified_gmt":"2022-05-06T14:32:13","slug":"senadora-recebe-presidente-da-fenafim","status":"publish","type":"post","link":"https:\/\/www.fenafim.org.br\/site\/2022\/05\/06\/senadora-recebe-presidente-da-fenafim\/","title":{"rendered":"Senadora recebe presidente da FENAFIM"},"content":{"rendered":"\n<p class=\"has-text-color has-normal-font-size has-very-dark-gray-color\">A senadora \u00a0Zenaide Maia (Pros-RN) recebeu em seu gabinete no RN, no dia 5\/5,\u00a0 o\u00a0 presidente da Federa\u00e7\u00e3o Nacional de Auditores e Fiscais de Tributos Municipais (FENAFIM) e presidente do Sindicato dos Fazend\u00e1rios do Recife (Afrem Sindical), F\u00e1bio Mac\u00eado. A reuni\u00e3o teve como prop\u00f3sito articular os projetos de interesse dos munic\u00edpios e do fisco.<br> \u00a0 <br>Participaram da reuni\u00e3o, o representante da Anafisco e secret\u00e1rio-geral do Afrem Sindical, Jo\u00e3o Victor de Ara\u00fajo; Anchieta Xavier (Sinfam-RN); e Elaine Fontoura (Sinfam-RN). Todos contaram com a articula\u00e7\u00e3o e apoio de Pedro Lopes, ex-presidente do Sindfern.<br> &#8230;&#8230;&#8230;&#8230;&#8230;&#8230;&#8230;&#8230;&#8230;&#8230;&#8230;&#8230;&#8230;&#8230;&#8230;&#8230;&#8230;&#8230;&#8230;&#8230;&#8230;&#8230;&#8230;&#8230;&#8230;&#8230;&#8230;&#8230;..<br> Reda\u00e7\u00e3o: Andr\u00e9a Pessoa &#8211; @mandalaconsultoria<br> Imagens: Banco de Imagem &#8211; Fenafim<br> #Fenafim<br> #AfremSindical<br> #fisco<br> #Senado<br> #munic\u00edpios<br> #fiscomunicipal\u00a0<\/p>\n\n\n\n<p class=\"has-normal-font-size\"><\/p>\n","protected":false},"excerpt":{"rendered":"<p>A senadora \u00a0Zenaide Maia (Pros-RN) recebeu em seu gabinete no RN, no dia 5\/5,\u00a0 o\u00a0 presidente da Federa\u00e7\u00e3o Nacional de Auditores e Fiscais de Tributos Municipais (FENAFIM) e presidente do &#8230;<\/p>\n","protected":false},"author":3,"featured_media":2826,"comment_status":"closed","ping_status":"open","sticky":false,"template":"","format":"standard","meta":{"_jetpack_memberships_contains_paid_content":false,"footnotes":""},"categories":[20],"tags":[56,55,57,60,59,58],"jetpack_sharing_enabled":true,"jetpack_featured_media_url":"https:\/\/www.fenafim.org.br\/site\/wp-content\/uploads\/2022\/05\/Reuni\u00e3o-RN.jpg","_links":{"self":[{"href":"https:\/\/www.fenafim.org.br\/site\/wp-json\/wp\/v2\/posts\/2827"}],"collection":[{"href":"https:\/\/www.fenafim.org.br\/site\/wp-json\/wp\/v2\/posts"}],"about":[{"href":"https:\/\/www.fenafim.org.br\/site\/wp-json\/wp\/v2\/types\/post"}],"author":[{"embeddable":true,"href":"https:\/\/www.fenafim.org.br\/site\/wp-json\/wp\/v2\/users\/3"}],"replies":[{"embeddable":true,"href":"https:\/\/www.fenafim.org.br\/site\/wp-json\/wp\/v2\/comments?post=2827"}],"version-history":[{"count":3,"href":"https:\/\/www.fenafim.org.br\/site\/wp-json\/wp\/v2\/posts\/2827\/revisions"}],"predecessor-version":[{"id":2830,"href":"https:\/\/www.fenafim.org.br\/site\/wp-json\/wp\/v2\/posts\/2827\/revisions\/2830"}],"wp:featuredmedia":[{"embeddable":true,"href":"https:\/\/www.fenafim.org.br\/site\/wp-json\/wp\/v2\/media\/2826"}],"wp:attachment":[{"href":"https:\/\/www.fenafim.org.br\/site\/wp-json\/wp\/v2\/media?parent=2827"}],"wp:term":[{"taxonomy":"category","embeddable":true,"href":"https:\/\/www.fenafim.org.br\/site\/wp-json\/wp\/v2\/categories?post=2827"},{"taxonomy":"post_tag","embeddable":true,"href":"https:\/\/www.fenafim.org.br\/site\/wp-json\/wp\/v2\/tags?post=2827"}],"curies":[{"name":"wp","href":"https:\/\/api.w.org\/{rel}","templated":true}]}}